{"id":869,"date":"2016-04-11T23:47:37","date_gmt":"2016-04-11T22:47:37","guid":{"rendered":"https:\/\/bmtcasasdeves.wordpress.com\/?p=869"},"modified":"2016-04-11T23:47:37","modified_gmt":"2016-04-11T22:47:37","slug":"sonrisas-y-lagrimas","status":"publish","type":"post","link":"https:\/\/bmtcasasdeves.com\/index.php\/2016\/04\/11\/sonrisas-y-lagrimas\/","title":{"rendered":"SONRISAS Y L\u00c1GRIMAS"},"content":{"rendered":"<p style=\"text-align:justify;\">Un gran fin de semana de orientaci\u00f3n se avecina. Seis chicos de nuestro club participan en la competici\u00f3n regional m\u00e1s importante, el Campeonato Regional de Orientaci\u00f3n en Edad Escolar. Aprovechando esta competici\u00f3n, se efect\u00faa una prueba de la Liga de Castilla-La Mancha, el Trofeo Manzanares, \u00a0por lo que somos bastantes los miembros del BMT los que nos trasladamos junto a ellos.<\/p>\n<p style=\"text-align:justify;\"><span style=\"text-decoration:underline;\"><strong>Tarde del viernes.<\/strong><\/span><\/p>\n<p style=\"text-align:justify;\">Tras los preparativos del viaje nos reunimos para ponernos en camino hacia Alcoba de los Montes en Ciudad Real.\u00a0Nervios, risas, calor\u2026todo tiene lugar durante el trayecto. \u2013 \u201c\u00bfConseguiremos alcanzar a los chicos que van en el autob\u00fas?\u201d A su vez recibimos un whassapp de nuestro orientador : -\u201d\u00bfNos pill\u00e1is ya? Estamos por el km 30 A-43\u201d. Las distancias con el autob\u00fas se van acortando. Alguien plantea un problema de matem\u00e1ticas: -\u201cSi el bus de los chicos circula a una velocidad de 100 km\/h y el coche que encabeza la caravana a 90 km\/h \u00bfen qu\u00e9 punto se alcanzar\u00e1n? Jajaja Soluci\u00f3n: en el albergue de Alcoba de los Montes.<\/p>\n<figure id=\"attachment_874\" aria-describedby=\"caption-attachment-874\" style=\"width: 471px\" class=\"wp-caption aligncenter\"><a href=\"https:\/\/bmtcasasdeves.com\/wp-content\/uploads\/2016\/04\/img_3486.jpg\" target=\"_blank\" rel=\"noopener\"><img loading=\"lazy\" decoding=\"async\" class=\"wp-image-874 aligncenter\" src=\"https:\/\/bmtcasasdeves.com\/wp-content\/uploads\/2016\/04\/img_3486.jpg\" alt=\"IMG_3486.jpg\" width=\"471\" height=\"314\" \/><\/a><figcaption id=\"caption-attachment-874\" class=\"wp-caption-text\">Nuestros chicos, representantes de la Selecci\u00f3n de Albacete<\/figcaption><\/figure>\n<p>&nbsp;<\/p>\n<p style=\"text-align:justify;\">Nuestra primera parada es all\u00ed, pues ocho grandes deportistas nos acompa\u00f1an en la \u201cfurgo\u201d. Un h\u00e1bil conductor los lleva sanos y salvos a su destino. Ya en el albergue, cada grupo se dispone a ocupar su lugar en las caba\u00f1as, mientras tanto los primeros que llegaron ya se distraen jugando con una pelota; t\u00edpica imagen de un campamento americano, \u00bfla diferencia? Alrededor, un grupo de ovejas pastando a sus anchas.<\/p>\n<p style=\"text-align:justify;\"><strong>Amanece un s\u00e1bado soleado<\/strong>.<\/p>\n<p style=\"text-align:justify;\">Nos dirigimos al t\u00e9rmino de Arroba de los Montes tras recoger a ocho chicos en Fontanarejo, desde all\u00ed continuamos hasta llegar al monte \u201cR\u00edo Fr\u00edo\u201d, un precioso lugar cubierto de un verde brillante y de unas aguas relucientes.<\/p>\n<p style=\"text-align:justify;\"><img loading=\"lazy\" decoding=\"async\" class=\"aligncenter size-full wp-image-880\" src=\"https:\/\/bmtcasasdeves.com\/wp-content\/uploads\/2016\/04\/img_3515.jpg?w=458\" alt=\"IMG_3515.jpg\" width=\"458\" height=\"305\" \/><\/p>\n<p style=\"text-align:justify;\">Puesto que es la fase regional, los chicos clasificados para tal evento son los primeros en dar el pistoletazo de salida. Tras unos minutos no muy largos comienzan a llegar los m\u00e1s r\u00e1pidos; en sus caras ya se van reflejando las emociones: alegr\u00edas de conseguir buenos tiempos y las primeras l\u00e1grimas del tiempo perdido buscando la primera baliza, consecuencia de los nervios y la presi\u00f3n. El resto de balizas se han encontrado de forma r\u00e1pida pero no lo suficiente como para poder entrar dentro de la clasificaci\u00f3n para la fase nacional de orientaci\u00f3n. La primera jornada para nuestros chicos no es nada positiva, a excepci\u00f3n de Carlos (4\u00ba) y Alicia (2\u00aa). Un mapa tan \u201cblanco\u201d no ha sido una buena herramienta con la que jugar, y es que la falta de detalle era un elemento clave este fin de semana; y el tener que jugar con los rumbos todav\u00eda m\u00e1s.<\/p>\n<p style=\"text-align:justify;\">Miras tu dorsal; hora de salida: 12:45. \u00a1Vaya tela! Primer pensamiento: \u201c\u00bfacaso me toca a m\u00ed desbalizar y no me he enterado?\u201d Pr\u00e1cticamente la mayor\u00eda de la gente ya ha hecho su carrera. A las 12.30 te diriges a la salida. Ya no queda absolutamente nadie esperando, por lo que la aventura se adelanta. Una aventura bastante ef\u00edmera, por cierto, el tiempo de espera y luchar contra \u00e9l te juega una mala pasada: en cuanto oyes el pitido del chekeo te diriges hacia la derecha del camino dispuesta a encontrar la primera baliza sin ni siquiera pasar por la baliza de salida: craso error. Tras un rato buscando sin \u00e9xito pero con ciertas esperanzas, te diriges a las chicas de control que ya est\u00e1n recogiendo. Empieza a nacer el des\u00e1nimo . -\u201c\u00bfPor favor, podr\u00edais indicarme donde est\u00e1 la primera baliza?\u201d Tras escuchar que ya hab\u00edan quitado la baliza de salida, los \u00e1nimos empiezan a caer en picado. A\u00fan as\u00ed todav\u00eda crees que hay una peque\u00f1a esperanza. \u2013\u201c Si me centro, por lo menos una he de encontrar\u201d, te vas diciendo a ti misma sin mucho convencimiento. Te sit\u00faas de nuevo en el mapa dispuesta a encontrar la primera baliza. Tras unos largos minutos de desesperaci\u00f3n, un chico aparece por el camino. Apurando los \u00faltimos resquicios de esperanza le preguntas por tu baliza y \u00e9l contesta que es muy sencilla de encontrar y te indica la direcci\u00f3n. Llegada del hundimiento. Fracaso absoluto. No ha habido manera de encontrarla. No quieres reconocerlo pero desde hace unos momentos por tu mente aparece la palabra \u201cabandono\u201d. Te das cuenta de que es absurdo seguir buscando m\u00e1s balizas cuando siendo las 13.15h todav\u00eda quedan 12 m\u00e1s por encontrar, se trata de la prueba larga y ya sabes con total seguridad que vas a hacer error en tarjeta.<\/p>\n<p style=\"text-align:justify;\"><a href=\"https:\/\/bmtcasasdeves.com\/wp-content\/uploads\/2016\/04\/dsc_0309.jpg\" target=\"_blank\" rel=\"noopener\"><img loading=\"lazy\" decoding=\"async\" class=\"wp-image-927 aligncenter\" src=\"https:\/\/bmtcasasdeves.com\/wp-content\/uploads\/2016\/04\/dsc_0309.jpg\" alt=\"DSC_0309\" width=\"558\" height=\"371\" \/><\/a><\/p>\n<p style=\"text-align:justify;\">Manos a la espalda, te diriges con toda la tranquilidad del mundo, la de aquel que se sabe derrotado, hacia el punto de encuentro. Cuando llegas descubres a todos los chicos subidos en el autob\u00fas para ir al albergue. Por el camino has tratado de convencerte de que no pasa nada, que es s\u00f3lo un juego, pero cuando ves a tu ser querido, tu cuerpo estalla en l\u00e1grimas: \u201c\u00a1Qu\u00e9 frustraci\u00f3n! \u00a1Ser\u00e9 tan in\u00fatil que todo el mundo ha sido capaz de encontrar una pu\u00f1etera baliza menos yo!\u201d Los tuyos d\u00e1ndote calor, tratan de consolarte por todos los medios, incluso gente de otros clubes se acercan a animar, pero la furia te embarga y la verg\u00fcenza no te permite ni siquiera ir a descargar el pincho. Tu orgullo est\u00e1 muy herido, sobre todo cuando ves la palabra \u201cabandona\u201d impresa.<\/p>\n<p style=\"text-align:justify;\"><span style=\"text-decoration:underline;\"><strong>S\u00c1BADO TARDE: SPRINT<\/strong><\/span><\/p>\n<p style=\"text-align:justify;\">Tras la comida y el descanso recuperas energ\u00eda y \u00e1nimos. \u2013 \u201c\u00a1Vamos a por el Sprint! Esta prueba es sencilla. S\u00e9 que puedo hacerlo y lo voy a hacer\u201d, te repites a ti misma. \u2013 \u201cTengo que venirme arriba. Yo he venido aqu\u00ed a disfrutar y lo voy a conseguir, s\u00f3lo depende de m\u00ed\u201d.<\/p>\n<p style=\"text-align:justify;\"><a href=\"https:\/\/bmtcasasdeves.com\/wp-content\/uploads\/2016\/04\/crdee-sprint-267.jpg\" target=\"_blank\" rel=\"noopener\"><img loading=\"lazy\" decoding=\"async\" class=\"wp-image-929 aligncenter\" src=\"https:\/\/bmtcasasdeves.com\/wp-content\/uploads\/2016\/04\/crdee-sprint-267.jpg\" alt=\"CRDEE Sprint 267\" width=\"427\" height=\"284\" \/><\/a><br \/>\nEfectivamente se disfruta, y mucho, sobre todo cuando en la carrera coincides con tu orientador y con uno de los chicos de tu club, que tras conocer tu an\u00e9cdota matutina, te dicen: \u00a1\u00c1nimo, lo est\u00e1s haciendo muy bien! Y que cuando vuelves a coincidir con ese mismo chico en una baliza, le dejes pasar delante para que gane tiempo y \u00e9l te dice que no, que piques t\u00fa primero que \u00e9l quiere revisar el mapa. \u00a1Dios, qu\u00e9 gran caballero con 12 a\u00f1os! En esos instantes te embarga una emoci\u00f3n tan grande ante tal muestra de nobleza que te da unas \u201calas\u201d tremendas para correr, consiguiendo incluso ser la primera mujer de tu categor\u00eda en esa carrera y la inspiraci\u00f3n para inscribir un art\u00edculo. Adri\u00e1n es el nombre de ese \u00e1ngel.<\/p>\n<p style=\"text-align:justify;\"><a href=\"https:\/\/bmtcasasdeves.com\/wp-content\/uploads\/2016\/04\/crdee-sprint-335.jpg\" target=\"_blank\" rel=\"noopener\"><img loading=\"lazy\" decoding=\"async\" class=\"alignnone size-full wp-image-935\" src=\"https:\/\/bmtcasasdeves.com\/wp-content\/uploads\/2016\/04\/crdee-sprint-335.jpg\" alt=\"CRDEE Sprint 335\" width=\"4288\" height=\"2848\" \/><\/a><\/p>\n<p style=\"text-align:justify;\">Por su parte, los chicos de la selecci\u00f3n han arrasado. Se nota que esta prueba la ten\u00edan entrenada y han recuperado parte de lo perdido por la ma\u00f1ana, sobre todo Teresa (3\u00aa), Jose Antonio (2\u00ba) y Javi (4\u00ba). Con estos resultados todav\u00eda hay opciones de entrar en la selecci\u00f3n de Castilla-La Mancha que participar\u00e1 en el CEEO (Campeonato de Espa\u00f1a Escolar de Orientaci\u00f3n)<\/p>\n<p style=\"text-align:justify;\"><span style=\"text-decoration:underline;\"><strong>Ma\u00f1ana del domingo.<\/strong><\/span><\/p>\n<p style=\"text-align:justify;\">Abrimos la ventana despertados por el canto del gallo. Un cielo encapotado. Se respira mucha humedad. Hoy la salida es a una hora razonable: las 11:04.<\/p>\n<p style=\"text-align:justify;\">Los chicos del regional est\u00e1n nerviosos, con ganas de comenzar; llevan mucho tiempo esperando esta competici\u00f3n y en pocos minutos afrontar\u00e1n este desaf\u00edo. La salida de la definitiva prueba est\u00e1 junto a una carretera, por lo que el trasiego de coches no deja la tranquilidad que deber\u00edan tener. Nos vamos a la zona de meta. Vemos llegar a los primeros participantes. Sus rostros y las posturas de sus cuerpos lo reflejan todo pero a\u00fan as\u00ed es inevitable preguntarles que tal ha ido todo: mal, mal, mal. Dos esperanzas en nuestro club: bien, bien. Decepci\u00f3n en unos chicos, alegr\u00eda e ilusi\u00f3n en otros. En ambas caras te ves reflejada. Comprendes ambos sentimientos a la perfecci\u00f3n. Las sonrisas fueron Carlos y Jose Antonio, clasificados ambos como tercer clasificados para el Nacional de Granada. Por el contrario, las l\u00e1grimas recayeron en Teresa y Javi, que se quedaron a las puertas de esta bonita competici\u00f3n.<\/p>\n<p style=\"text-align:justify;\"><img loading=\"lazy\" decoding=\"async\" class=\"aligncenter size-full wp-image-938\" src=\"https:\/\/bmtcasasdeves.com\/wp-content\/uploads\/2016\/04\/img_4796.jpg?w=540\" alt=\"IMG_4796.jpg\" width=\"540\" height=\"360\" \/><\/p>\n<p style=\"text-align:justify;\">Pese a ello, nos quedamos con todas las experiencias vividas, la convivencia, el compa\u00f1erismo, la solidaridad, las risas, las l\u00e1grimas,\u2026. En definitiva: dos clasificados para el nacional, el resto\u2026. con ganas de seguir hacia delante, de seguir trabajando y entrenando para mejorar, aprender de los errores y sobre todo de seguir disfrutando haciendo lo m\u00e1s nos gusta.<\/p>\n<p style=\"text-align:justify;\">Resumen de resultados de los miembros de la selecci\u00f3n de Albacete:<\/p>\n<ul>\n<li>Alicia Cabezas: 6\u00aa en alev\u00edn femenino<\/li>\n<li><strong>Jose Antonio Villar: 3\u00ba en infantil masculino<\/strong><\/li>\n<li>Javier Garc\u00eda: 8\u00ba en infantil masculino<\/li>\n<li>Teresa Murcia: 6\u00aa en infantil femenino<\/li>\n<li><strong>Carlos Jimenez. 3\u00ba en cadete masculino<\/strong><\/li>\n<\/ul>\n<div id='gallery-1' class='gallery galleryid-869 gallery-columns-3 gallery-size-thumbnail'><figure class='gallery-item'>\n\t\t\t<div class='gallery-icon landscape'>\n\t\t\t\t<a href='https:\/\/bmtcasasdeves.com\/index.php\/2016\/04\/11\/sonrisas-y-lagrimas\/img_4865\/'><img loading=\"lazy\" decoding=\"async\" width=\"150\" height=\"150\" src=\"https:\/\/bmtcasasdeves.com\/wp-content\/uploads\/2016\/04\/img_4865-150x150.jpg\" class=\"attachment-thumbnail size-thumbnail\" alt=\"\" srcset=\"https:\/\/bmtcasasdeves.com\/wp-content\/uploads\/2016\/04\/img_4865-150x150.jpg 150w, https:\/\/bmtcasasdeves.com\/wp-content\/uploads\/2016\/04\/img_4865-300x300.jpg 300w, https:\/\/bmtcasasdeves.com\/wp-content\/uploads\/2016\/04\/img_4865-100x100.jpg 100w\" sizes=\"auto, (max-width: 150px) 100vw, 150px\" \/><\/a>\n\t\t\t<\/div><\/figure><figure class='gallery-item'>\n\t\t\t<div class='gallery-icon portrait'>\n\t\t\t\t<a href='https:\/\/bmtcasasdeves.com\/index.php\/2016\/04\/11\/sonrisas-y-lagrimas\/img_4879\/'><img loading=\"lazy\" decoding=\"async\" width=\"150\" height=\"150\" src=\"https:\/\/bmtcasasdeves.com\/wp-content\/uploads\/2016\/04\/img_4879-150x150.jpg\" class=\"attachment-thumbnail size-thumbnail\" alt=\"\" srcset=\"https:\/\/bmtcasasdeves.com\/wp-content\/uploads\/2016\/04\/img_4879-150x150.jpg 150w, https:\/\/bmtcasasdeves.com\/wp-content\/uploads\/2016\/04\/img_4879-300x300.jpg 300w, https:\/\/bmtcasasdeves.com\/wp-content\/uploads\/2016\/04\/img_4879-100x100.jpg 100w\" sizes=\"auto, (max-width: 150px) 100vw, 150px\" \/><\/a>\n\t\t\t<\/div><\/figure>\n\t\t<\/div>\n\n<ul>\n<li>Alev\u00edn femenino: Subcampe\u00f3n<\/li>\n<li>Infantil masculino: CAMPE\u00d3N<\/li>\n<li>Infantil femenino: subcampe\u00f3n<\/li>\n<li>Cadete masculino: CAMPE\u00d3N<\/li>\n<\/ul>\n<div id='gallery-2' class='gallery galleryid-869 gallery-columns-3 gallery-size-thumbnail'><figure class='gallery-item'>\n\t\t\t<div class='gallery-icon landscape'>\n\t\t\t\t<a href='https:\/\/bmtcasasdeves.com\/index.php\/2016\/04\/11\/sonrisas-y-lagrimas\/img_4882\/'><img loading=\"lazy\" decoding=\"async\" width=\"150\" height=\"150\" src=\"https:\/\/bmtcasasdeves.com\/wp-content\/uploads\/2016\/04\/img_4882-150x150.jpg\" class=\"attachment-thumbnail size-thumbnail\" alt=\"\" srcset=\"https:\/\/bmtcasasdeves.com\/wp-content\/uploads\/2016\/04\/img_4882-150x150.jpg 150w, https:\/\/bmtcasasdeves.com\/wp-content\/uploads\/2016\/04\/img_4882-300x300.jpg 300w, https:\/\/bmtcasasdeves.com\/wp-content\/uploads\/2016\/04\/img_4882-100x100.jpg 100w\" sizes=\"auto, (max-width: 150px) 100vw, 150px\" \/><\/a>\n\t\t\t<\/div><\/figure><figure class='gallery-item'>\n\t\t\t<div class='gallery-icon landscape'>\n\t\t\t\t<a href='https:\/\/bmtcasasdeves.com\/index.php\/2016\/04\/11\/sonrisas-y-lagrimas\/img_4896\/'><img loading=\"lazy\" decoding=\"async\" width=\"150\" height=\"150\" src=\"https:\/\/bmtcasasdeves.com\/wp-content\/uploads\/2016\/04\/img_4896-150x150.jpg\" class=\"attachment-thumbnail size-thumbnail\" alt=\"\" srcset=\"https:\/\/bmtcasasdeves.com\/wp-content\/uploads\/2016\/04\/img_4896-150x150.jpg 150w, https:\/\/bmtcasasdeves.com\/wp-content\/uploads\/2016\/04\/img_4896-300x300.jpg 300w, https:\/\/bmtcasasdeves.com\/wp-content\/uploads\/2016\/04\/img_4896-100x100.jpg 100w\" sizes=\"auto, (max-width: 150px) 100vw, 150px\" \/><\/a>\n\t\t\t<\/div><\/figure><figure class='gallery-item'>\n\t\t\t<div class='gallery-icon landscape'>\n\t\t\t\t<a href='https:\/\/bmtcasasdeves.com\/index.php\/2016\/04\/11\/sonrisas-y-lagrimas\/img_4905\/'><img loading=\"lazy\" decoding=\"async\" width=\"150\" height=\"150\" src=\"https:\/\/bmtcasasdeves.com\/wp-content\/uploads\/2016\/04\/img_4905-150x150.jpg\" class=\"attachment-thumbnail size-thumbnail\" alt=\"\" srcset=\"https:\/\/bmtcasasdeves.com\/wp-content\/uploads\/2016\/04\/img_4905-150x150.jpg 150w, https:\/\/bmtcasasdeves.com\/wp-content\/uploads\/2016\/04\/img_4905-300x300.jpg 300w, https:\/\/bmtcasasdeves.com\/wp-content\/uploads\/2016\/04\/img_4905-100x100.jpg 100w\" sizes=\"auto, (max-width: 150px) 100vw, 150px\" \/><\/a>\n\t\t\t<\/div><\/figure><figure class='gallery-item'>\n\t\t\t<div class='gallery-icon landscape'>\n\t\t\t\t<a href='https:\/\/bmtcasasdeves.com\/index.php\/2016\/04\/11\/sonrisas-y-lagrimas\/img_4917\/'><img loading=\"lazy\" decoding=\"async\" width=\"150\" height=\"150\" src=\"https:\/\/bmtcasasdeves.com\/wp-content\/uploads\/2016\/04\/img_4917-150x150.jpg\" class=\"attachment-thumbnail size-thumbnail\" alt=\"\" srcset=\"https:\/\/bmtcasasdeves.com\/wp-content\/uploads\/2016\/04\/img_4917-150x150.jpg 150w, https:\/\/bmtcasasdeves.com\/wp-content\/uploads\/2016\/04\/img_4917-300x300.jpg 300w, https:\/\/bmtcasasdeves.com\/wp-content\/uploads\/2016\/04\/img_4917-100x100.jpg 100w\" sizes=\"auto, (max-width: 150px) 100vw, 150px\" \/><\/a>\n\t\t\t<\/div><\/figure>\n\t\t<\/div>\n\n<p>&nbsp;<\/p>\n<p>Pero no solo ten\u00edamos a los miembros de la selecci\u00f3n en esta competici\u00f3n. Hasta un total de 22 corredores estuvimos \u00abperdiendonos\u00bb por tierras ciudadrreale\u00f1as. Aqu\u00ed nuestros\u00a0resultados<\/p>\n<ol>\n<li>Francisco Jimenez, 1\u00ba en infantil-m<\/li>\n<li>Daniel Taranc\u00f3n, 4\u00ba en infantil-m<\/li>\n<li>Julio Carri\u00f3n, 5\u00ba en infantil-m<\/li>\n<li>Pascual Pardo, 7\u00ba en infantil-m<\/li>\n<li>Alberto P\u00e9rez, 8\u00ba en infantil-m<\/li>\n<li>Alfonso L\u00f3pez, 9\u00ba en infantil-m<\/li>\n<li>Adri\u00e1n Morales, 10\u00ba en infantil-m<\/li>\n<li>Luc\u00eda Pedr\u00f3n, 2\u00aa en infantil-f<\/li>\n<li>Juanfran Murcia, 1\u00ba en cadete-m<\/li>\n<li>Ana Defez, 1\u00aa en cadete-f<\/li>\n<li>Javier Garc\u00eda, 5\u00ba en Senior-m<\/li>\n<li>Juan Agust\u00edn Taranc\u00f3n, 6\u00aa en master-m<\/li>\n<li>Emilio P\u00e9rez, 5\u00ba en O-naranja<\/li>\n<li>Marian L\u00f3pez, 8\u00aa en O-naranja<\/li>\n<li>Eva M\u00aa Garc\u00eda, s.c. en o-naranja<\/li>\n<li>Eduardo Honrubia, s.c. en o-naranja<\/li>\n<li>Mart\u00edn Villar, 3\u00ba en O-amarillo<\/li>\n<li>Aitana Honrubia, s.c. en o-amarillo<\/li>\n<li>Minerva Honrubia, s.c. en o-amarillo<\/li>\n<li>Alvaro Carri\u00f3n, s.c. en o-amarillo<\/li>\n<li>Nacho Carri\u00f3n, s.c. en o-amarillo<\/li>\n<li>Mar\u00eda Murcia, s.c. en benjam\u00edn<\/li>\n<\/ol>\n<p><img loading=\"lazy\" decoding=\"async\" class=\"alignnone size-full wp-image-942\" src=\"https:\/\/bmtcasasdeves.com\/wp-content\/uploads\/2016\/04\/img_3887.jpg\" alt=\"IMG_3887.jpg\" width=\"4272\" height=\"2848\" \/><\/p>\n<p>Todos los resultados se pueden consultar en:\u00a0<a href=\"http:\/\/fecamado.org\/albacete-y-toledo-se-reparten-las-plazas-en-el-regional\/\" target=\"_blank\" rel=\"noopener\">http:\/\/fecamado.org\/albacete-y-toledo-se-reparten-las-plazas-en-el-regional\/<\/a><\/p>\n<p>Fotos de nuestras fot\u00f3grafas:<\/p>\n<p class=\"p1\"><em><strong><span class=\"s1\">Ascen P\u00e9rez<\/span><\/strong><\/em><\/p>\n<p class=\"p2\"><span class=\"s2\">Larga:\u00a0<a href=\"http:\/\/goo.gl\/photos\/Mz4DXgs0Ar\"><span class=\"s3\">http:\/\/goo.gl\/photos\/Mz4DXgs0Ar<\/span><\/a><\/span><\/p>\n<p class=\"p2\"><span class=\"s2\">Sprint:\u00a0<a href=\"http:\/\/goo.gl\/photos\/A1T21wV9Ze\"><span class=\"s3\">http:\/\/goo.gl\/photos\/A1T21wV9Ze<\/span><\/a><\/span><\/p>\n<p class=\"p2\"><span class=\"s2\">Media:\u00a0<a href=\"http:\/\/goo.gl\/photos\/9CzfMJU9Ns\"><span class=\"s3\">http:\/\/goo.gl\/photos\/9CzfMJU9Ns<\/span><\/a><\/span><\/p>\n<p class=\"p1\"><em><strong><span class=\"s1\">Inma G\u00f3rriz<\/span><\/strong><\/em><\/p>\n<p class=\"p2\"><span class=\"s2\">Larga:\u00a0<a href=\"http:\/\/goo.gl\/photos\/tXX19J45tM\"><span class=\"s3\">http:\/\/goo.gl\/photos\/tXX19J45tM<\/span><\/a><\/span><\/p>\n<p class=\"p2\"><span class=\"s2\">Sprint:\u00a0<a href=\"http:\/\/goo.gl\/photos\/g8Qz0L5FX2\"><span class=\"s3\">http:\/\/goo.gl\/photos\/g8Qz0L5FX2<\/span><\/a><\/span><\/p>\n<p class=\"p2\"><span class=\"s2\">Media:\u00a0<a href=\"http:\/\/goo.gl\/photos\/wliqUY1UQC\"><span class=\"s3\">http:\/\/goo.gl\/photos\/wliqUY1UQC<\/span><\/a><\/span><\/p>\n<p class=\"p2\"><span class=\"s2\">Trofeos:\u00a0<a href=\"http:\/\/goo.gl\/photos\/B74bcK2fZI\"><span class=\"s3\">http:\/\/goo.gl\/photos\/B74bcK2fZI<\/span><\/a><\/span><\/p>\n<p style=\"text-align:right;\">Eva Mar\u00eda Garc\u00eda<\/p>\n","protected":false},"excerpt":{"rendered":"<p>Un gran fin de semana de orientaci\u00f3n se avecina. Seis chicos de nuestro club participan en la competici\u00f3n regional m\u00e1s importante, el Campeonato Regional de Orientaci\u00f3n en Edad Escolar. Aprovechando esta competici\u00f3n, se efect\u00faa una prueba de la Liga de Castilla-La Mancha, el Trofeo Manzanares, \u00a0por lo que somos bastantes los miembros del BMT los [&hellip;]<\/p>\n","protected":false},"author":3,"featured_media":874,"comment_status":"open","ping_status":"open","sticky":false,"template":"","format":"standard","meta":{"jetpack_post_was_ever_published":false,"_jetpack_newsletter_access":"","_jetpack_dont_email_post_to_subs":false,"_jetpack_newsletter_tier_id":0,"_jetpack_memberships_contains_paywalled_content":false,"_jetpack_memberships_contains_paid_content":false,"footnotes":""},"categories":[27],"tags":[],"class_list":["post-869","post","type-post","status-publish","format-standard","has-post-thumbnail","hentry","category-orientacion"],"yoast_head":"<!-- This site is optimized with the Yoast SEO plugin v27.5 - https:\/\/yoast.com\/product\/yoast-seo-wordpress\/ -->\n<title>SONRISAS Y L\u00c1GRIMAS - BMT Casas de Ves<\/title>\n<meta name=\"robots\" content=\"index, follow, max-snippet:-1, max-image-preview:large, max-video-preview:-1\" \/>\n<link rel=\"canonical\" href=\"https:\/\/bmtcasasdeves.com\/index.php\/2016\/04\/11\/sonrisas-y-lagrimas\/\" \/>\n<meta property=\"og:locale\" content=\"es_ES\" \/>\n<meta property=\"og:type\" content=\"article\" \/>\n<meta property=\"og:title\" content=\"SONRISAS Y L\u00c1GRIMAS - BMT Casas de Ves\" \/>\n<meta property=\"og:description\" content=\"Un gran fin de semana de orientaci\u00f3n se avecina. Seis chicos de nuestro club participan en la competici\u00f3n regional m\u00e1s importante, el Campeonato Regional de Orientaci\u00f3n en Edad Escolar. Aprovechando esta competici\u00f3n, se efect\u00faa una prueba de la Liga de Castilla-La Mancha, el Trofeo Manzanares, \u00a0por lo que somos bastantes los miembros del BMT los [&hellip;]\" \/>\n<meta property=\"og:url\" content=\"https:\/\/bmtcasasdeves.com\/index.php\/2016\/04\/11\/sonrisas-y-lagrimas\/\" \/>\n<meta property=\"og:site_name\" content=\"BMT Casas de Ves\" \/>\n<meta property=\"article:published_time\" content=\"2016-04-11T22:47:37+00:00\" \/>\n<meta property=\"og:image\" content=\"https:\/\/bmtcasasdeves.com\/wp-content\/uploads\/2016\/04\/img_3486-scaled.jpg\" \/>\n\t<meta property=\"og:image:width\" content=\"2560\" \/>\n\t<meta property=\"og:image:height\" content=\"1707\" \/>\n\t<meta property=\"og:image:type\" content=\"image\/jpeg\" \/>\n<meta name=\"author\" content=\"BMT Casas de Ves\" \/>\n<meta name=\"twitter:card\" content=\"summary_large_image\" \/>\n<meta name=\"twitter:label1\" content=\"Escrito por\" \/>\n\t<meta name=\"twitter:data1\" content=\"BMT Casas de Ves\" \/>\n\t<meta name=\"twitter:label2\" content=\"Tiempo de lectura\" \/>\n\t<meta name=\"twitter:data2\" content=\"9 minutos\" \/>\n<script type=\"application\/ld+json\" class=\"yoast-schema-graph\">{\"@context\":\"https:\\\/\\\/schema.org\",\"@graph\":[{\"@type\":\"Article\",\"@id\":\"https:\\\/\\\/bmtcasasdeves.com\\\/index.php\\\/2016\\\/04\\\/11\\\/sonrisas-y-lagrimas\\\/#article\",\"isPartOf\":{\"@id\":\"https:\\\/\\\/bmtcasasdeves.com\\\/index.php\\\/2016\\\/04\\\/11\\\/sonrisas-y-lagrimas\\\/\"},\"author\":{\"name\":\"BMT Casas de Ves\",\"@id\":\"https:\\\/\\\/bmtcasasdeves.com\\\/#\\\/schema\\\/person\\\/6aaf35551234df423bb5324e8ed40abe\"},\"headline\":\"SONRISAS Y L\u00c1GRIMAS\",\"datePublished\":\"2016-04-11T22:47:37+00:00\",\"mainEntityOfPage\":{\"@id\":\"https:\\\/\\\/bmtcasasdeves.com\\\/index.php\\\/2016\\\/04\\\/11\\\/sonrisas-y-lagrimas\\\/\"},\"wordCount\":1762,\"commentCount\":0,\"publisher\":{\"@id\":\"https:\\\/\\\/bmtcasasdeves.com\\\/#organization\"},\"image\":{\"@id\":\"https:\\\/\\\/bmtcasasdeves.com\\\/index.php\\\/2016\\\/04\\\/11\\\/sonrisas-y-lagrimas\\\/#primaryimage\"},\"thumbnailUrl\":\"https:\\\/\\\/bmtcasasdeves.com\\\/wp-content\\\/uploads\\\/2016\\\/04\\\/img_3486-scaled.jpg\",\"articleSection\":[\"Orientaci\u00f3n\"],\"inLanguage\":\"es\",\"potentialAction\":[{\"@type\":\"CommentAction\",\"name\":\"Comment\",\"target\":[\"https:\\\/\\\/bmtcasasdeves.com\\\/index.php\\\/2016\\\/04\\\/11\\\/sonrisas-y-lagrimas\\\/#respond\"]}]},{\"@type\":\"WebPage\",\"@id\":\"https:\\\/\\\/bmtcasasdeves.com\\\/index.php\\\/2016\\\/04\\\/11\\\/sonrisas-y-lagrimas\\\/\",\"url\":\"https:\\\/\\\/bmtcasasdeves.com\\\/index.php\\\/2016\\\/04\\\/11\\\/sonrisas-y-lagrimas\\\/\",\"name\":\"SONRISAS Y L\u00c1GRIMAS - BMT Casas de Ves\",\"isPartOf\":{\"@id\":\"https:\\\/\\\/bmtcasasdeves.com\\\/#website\"},\"primaryImageOfPage\":{\"@id\":\"https:\\\/\\\/bmtcasasdeves.com\\\/index.php\\\/2016\\\/04\\\/11\\\/sonrisas-y-lagrimas\\\/#primaryimage\"},\"image\":{\"@id\":\"https:\\\/\\\/bmtcasasdeves.com\\\/index.php\\\/2016\\\/04\\\/11\\\/sonrisas-y-lagrimas\\\/#primaryimage\"},\"thumbnailUrl\":\"https:\\\/\\\/bmtcasasdeves.com\\\/wp-content\\\/uploads\\\/2016\\\/04\\\/img_3486-scaled.jpg\",\"datePublished\":\"2016-04-11T22:47:37+00:00\",\"breadcrumb\":{\"@id\":\"https:\\\/\\\/bmtcasasdeves.com\\\/index.php\\\/2016\\\/04\\\/11\\\/sonrisas-y-lagrimas\\\/#breadcrumb\"},\"inLanguage\":\"es\",\"potentialAction\":[{\"@type\":\"ReadAction\",\"target\":[\"https:\\\/\\\/bmtcasasdeves.com\\\/index.php\\\/2016\\\/04\\\/11\\\/sonrisas-y-lagrimas\\\/\"]}]},{\"@type\":\"ImageObject\",\"inLanguage\":\"es\",\"@id\":\"https:\\\/\\\/bmtcasasdeves.com\\\/index.php\\\/2016\\\/04\\\/11\\\/sonrisas-y-lagrimas\\\/#primaryimage\",\"url\":\"https:\\\/\\\/bmtcasasdeves.com\\\/wp-content\\\/uploads\\\/2016\\\/04\\\/img_3486-scaled.jpg\",\"contentUrl\":\"https:\\\/\\\/bmtcasasdeves.com\\\/wp-content\\\/uploads\\\/2016\\\/04\\\/img_3486-scaled.jpg\",\"width\":2560,\"height\":1707},{\"@type\":\"BreadcrumbList\",\"@id\":\"https:\\\/\\\/bmtcasasdeves.com\\\/index.php\\\/2016\\\/04\\\/11\\\/sonrisas-y-lagrimas\\\/#breadcrumb\",\"itemListElement\":[{\"@type\":\"ListItem\",\"position\":1,\"name\":\"Portada\",\"item\":\"https:\\\/\\\/bmtcasasdeves.com\\\/\"},{\"@type\":\"ListItem\",\"position\":2,\"name\":\"SONRISAS Y L\u00c1GRIMAS\"}]},{\"@type\":\"WebSite\",\"@id\":\"https:\\\/\\\/bmtcasasdeves.com\\\/#website\",\"url\":\"https:\\\/\\\/bmtcasasdeves.com\\\/\",\"name\":\"BMT Casas de Ves\",\"description\":\"Club atletismo-orientaci\u00f3n-ciclismo de Casas de Ves\",\"publisher\":{\"@id\":\"https:\\\/\\\/bmtcasasdeves.com\\\/#organization\"},\"potentialAction\":[{\"@type\":\"SearchAction\",\"target\":{\"@type\":\"EntryPoint\",\"urlTemplate\":\"https:\\\/\\\/bmtcasasdeves.com\\\/?s={search_term_string}\"},\"query-input\":{\"@type\":\"PropertyValueSpecification\",\"valueRequired\":true,\"valueName\":\"search_term_string\"}}],\"inLanguage\":\"es\"},{\"@type\":\"Organization\",\"@id\":\"https:\\\/\\\/bmtcasasdeves.com\\\/#organization\",\"name\":\"BMT Casas de Ves\",\"url\":\"https:\\\/\\\/bmtcasasdeves.com\\\/\",\"logo\":{\"@type\":\"ImageObject\",\"inLanguage\":\"es\",\"@id\":\"https:\\\/\\\/bmtcasasdeves.com\\\/#\\\/schema\\\/logo\\\/image\\\/\",\"url\":\"https:\\\/\\\/bmtcasasdeves.com\\\/wp-content\\\/uploads\\\/2021\\\/02\\\/cropped-Banner-Web-01-2-scaled-1.jpg\",\"contentUrl\":\"https:\\\/\\\/bmtcasasdeves.com\\\/wp-content\\\/uploads\\\/2021\\\/02\\\/cropped-Banner-Web-01-2-scaled-1.jpg\",\"width\":2000,\"height\":1200,\"caption\":\"BMT Casas de Ves\"},\"image\":{\"@id\":\"https:\\\/\\\/bmtcasasdeves.com\\\/#\\\/schema\\\/logo\\\/image\\\/\"}},{\"@type\":\"Person\",\"@id\":\"https:\\\/\\\/bmtcasasdeves.com\\\/#\\\/schema\\\/person\\\/6aaf35551234df423bb5324e8ed40abe\",\"name\":\"BMT Casas de Ves\",\"image\":{\"@type\":\"ImageObject\",\"inLanguage\":\"es\",\"@id\":\"https:\\\/\\\/secure.gravatar.com\\\/avatar\\\/457b632d420b88231aa3bbd27aff181b637f25576d8cb722844b7d4ac9266025?s=96&d=mm&r=g\",\"url\":\"https:\\\/\\\/secure.gravatar.com\\\/avatar\\\/457b632d420b88231aa3bbd27aff181b637f25576d8cb722844b7d4ac9266025?s=96&d=mm&r=g\",\"contentUrl\":\"https:\\\/\\\/secure.gravatar.com\\\/avatar\\\/457b632d420b88231aa3bbd27aff181b637f25576d8cb722844b7d4ac9266025?s=96&d=mm&r=g\",\"caption\":\"BMT Casas de Ves\"},\"url\":\"https:\\\/\\\/bmtcasasdeves.com\\\/index.php\\\/author\\\/bmtcasasdeves\\\/\"}]}<\/script>\n<!-- \/ Yoast SEO plugin. -->","yoast_head_json":{"title":"SONRISAS Y L\u00c1GRIMAS - BMT Casas de Ves","robots":{"index":"index","follow":"follow","max-snippet":"max-snippet:-1","max-image-preview":"max-image-preview:large","max-video-preview":"max-video-preview:-1"},"canonical":"https:\/\/bmtcasasdeves.com\/index.php\/2016\/04\/11\/sonrisas-y-lagrimas\/","og_locale":"es_ES","og_type":"article","og_title":"SONRISAS Y L\u00c1GRIMAS - BMT Casas de Ves","og_description":"Un gran fin de semana de orientaci\u00f3n se avecina. Seis chicos de nuestro club participan en la competici\u00f3n regional m\u00e1s importante, el Campeonato Regional de Orientaci\u00f3n en Edad Escolar. Aprovechando esta competici\u00f3n, se efect\u00faa una prueba de la Liga de Castilla-La Mancha, el Trofeo Manzanares, \u00a0por lo que somos bastantes los miembros del BMT los [&hellip;]","og_url":"https:\/\/bmtcasasdeves.com\/index.php\/2016\/04\/11\/sonrisas-y-lagrimas\/","og_site_name":"BMT Casas de Ves","article_published_time":"2016-04-11T22:47:37+00:00","og_image":[{"width":2560,"height":1707,"url":"https:\/\/bmtcasasdeves.com\/wp-content\/uploads\/2016\/04\/img_3486-scaled.jpg","type":"image\/jpeg"}],"author":"BMT Casas de Ves","twitter_card":"summary_large_image","twitter_misc":{"Escrito por":"BMT Casas de Ves","Tiempo de lectura":"9 minutos"},"schema":{"@context":"https:\/\/schema.org","@graph":[{"@type":"Article","@id":"https:\/\/bmtcasasdeves.com\/index.php\/2016\/04\/11\/sonrisas-y-lagrimas\/#article","isPartOf":{"@id":"https:\/\/bmtcasasdeves.com\/index.php\/2016\/04\/11\/sonrisas-y-lagrimas\/"},"author":{"name":"BMT Casas de Ves","@id":"https:\/\/bmtcasasdeves.com\/#\/schema\/person\/6aaf35551234df423bb5324e8ed40abe"},"headline":"SONRISAS Y L\u00c1GRIMAS","datePublished":"2016-04-11T22:47:37+00:00","mainEntityOfPage":{"@id":"https:\/\/bmtcasasdeves.com\/index.php\/2016\/04\/11\/sonrisas-y-lagrimas\/"},"wordCount":1762,"commentCount":0,"publisher":{"@id":"https:\/\/bmtcasasdeves.com\/#organization"},"image":{"@id":"https:\/\/bmtcasasdeves.com\/index.php\/2016\/04\/11\/sonrisas-y-lagrimas\/#primaryimage"},"thumbnailUrl":"https:\/\/bmtcasasdeves.com\/wp-content\/uploads\/2016\/04\/img_3486-scaled.jpg","articleSection":["Orientaci\u00f3n"],"inLanguage":"es","potentialAction":[{"@type":"CommentAction","name":"Comment","target":["https:\/\/bmtcasasdeves.com\/index.php\/2016\/04\/11\/sonrisas-y-lagrimas\/#respond"]}]},{"@type":"WebPage","@id":"https:\/\/bmtcasasdeves.com\/index.php\/2016\/04\/11\/sonrisas-y-lagrimas\/","url":"https:\/\/bmtcasasdeves.com\/index.php\/2016\/04\/11\/sonrisas-y-lagrimas\/","name":"SONRISAS Y L\u00c1GRIMAS - BMT Casas de Ves","isPartOf":{"@id":"https:\/\/bmtcasasdeves.com\/#website"},"primaryImageOfPage":{"@id":"https:\/\/bmtcasasdeves.com\/index.php\/2016\/04\/11\/sonrisas-y-lagrimas\/#primaryimage"},"image":{"@id":"https:\/\/bmtcasasdeves.com\/index.php\/2016\/04\/11\/sonrisas-y-lagrimas\/#primaryimage"},"thumbnailUrl":"https:\/\/bmtcasasdeves.com\/wp-content\/uploads\/2016\/04\/img_3486-scaled.jpg","datePublished":"2016-04-11T22:47:37+00:00","breadcrumb":{"@id":"https:\/\/bmtcasasdeves.com\/index.php\/2016\/04\/11\/sonrisas-y-lagrimas\/#breadcrumb"},"inLanguage":"es","potentialAction":[{"@type":"ReadAction","target":["https:\/\/bmtcasasdeves.com\/index.php\/2016\/04\/11\/sonrisas-y-lagrimas\/"]}]},{"@type":"ImageObject","inLanguage":"es","@id":"https:\/\/bmtcasasdeves.com\/index.php\/2016\/04\/11\/sonrisas-y-lagrimas\/#primaryimage","url":"https:\/\/bmtcasasdeves.com\/wp-content\/uploads\/2016\/04\/img_3486-scaled.jpg","contentUrl":"https:\/\/bmtcasasdeves.com\/wp-content\/uploads\/2016\/04\/img_3486-scaled.jpg","width":2560,"height":1707},{"@type":"BreadcrumbList","@id":"https:\/\/bmtcasasdeves.com\/index.php\/2016\/04\/11\/sonrisas-y-lagrimas\/#breadcrumb","itemListElement":[{"@type":"ListItem","position":1,"name":"Portada","item":"https:\/\/bmtcasasdeves.com\/"},{"@type":"ListItem","position":2,"name":"SONRISAS Y L\u00c1GRIMAS"}]},{"@type":"WebSite","@id":"https:\/\/bmtcasasdeves.com\/#website","url":"https:\/\/bmtcasasdeves.com\/","name":"BMT Casas de Ves","description":"Club atletismo-orientaci\u00f3n-ciclismo de Casas de Ves","publisher":{"@id":"https:\/\/bmtcasasdeves.com\/#organization"},"potentialAction":[{"@type":"SearchAction","target":{"@type":"EntryPoint","urlTemplate":"https:\/\/bmtcasasdeves.com\/?s={search_term_string}"},"query-input":{"@type":"PropertyValueSpecification","valueRequired":true,"valueName":"search_term_string"}}],"inLanguage":"es"},{"@type":"Organization","@id":"https:\/\/bmtcasasdeves.com\/#organization","name":"BMT Casas de Ves","url":"https:\/\/bmtcasasdeves.com\/","logo":{"@type":"ImageObject","inLanguage":"es","@id":"https:\/\/bmtcasasdeves.com\/#\/schema\/logo\/image\/","url":"https:\/\/bmtcasasdeves.com\/wp-content\/uploads\/2021\/02\/cropped-Banner-Web-01-2-scaled-1.jpg","contentUrl":"https:\/\/bmtcasasdeves.com\/wp-content\/uploads\/2021\/02\/cropped-Banner-Web-01-2-scaled-1.jpg","width":2000,"height":1200,"caption":"BMT Casas de Ves"},"image":{"@id":"https:\/\/bmtcasasdeves.com\/#\/schema\/logo\/image\/"}},{"@type":"Person","@id":"https:\/\/bmtcasasdeves.com\/#\/schema\/person\/6aaf35551234df423bb5324e8ed40abe","name":"BMT Casas de Ves","image":{"@type":"ImageObject","inLanguage":"es","@id":"https:\/\/secure.gravatar.com\/avatar\/457b632d420b88231aa3bbd27aff181b637f25576d8cb722844b7d4ac9266025?s=96&d=mm&r=g","url":"https:\/\/secure.gravatar.com\/avatar\/457b632d420b88231aa3bbd27aff181b637f25576d8cb722844b7d4ac9266025?s=96&d=mm&r=g","contentUrl":"https:\/\/secure.gravatar.com\/avatar\/457b632d420b88231aa3bbd27aff181b637f25576d8cb722844b7d4ac9266025?s=96&d=mm&r=g","caption":"BMT Casas de Ves"},"url":"https:\/\/bmtcasasdeves.com\/index.php\/author\/bmtcasasdeves\/"}]}},"views":1151,"jetpack_featured_media_url":"https:\/\/bmtcasasdeves.com\/wp-content\/uploads\/2016\/04\/img_3486-scaled.jpg","jetpack_sharing_enabled":true,"_links":{"self":[{"href":"https:\/\/bmtcasasdeves.com\/index.php\/wp-json\/wp\/v2\/posts\/869","targetHints":{"allow":["GET"]}}],"collection":[{"href":"https:\/\/bmtcasasdeves.com\/index.php\/wp-json\/wp\/v2\/posts"}],"about":[{"href":"https:\/\/bmtcasasdeves.com\/index.php\/wp-json\/wp\/v2\/types\/post"}],"author":[{"embeddable":true,"href":"https:\/\/bmtcasasdeves.com\/index.php\/wp-json\/wp\/v2\/users\/3"}],"replies":[{"embeddable":true,"href":"https:\/\/bmtcasasdeves.com\/index.php\/wp-json\/wp\/v2\/comments?post=869"}],"version-history":[{"count":0,"href":"https:\/\/bmtcasasdeves.com\/index.php\/wp-json\/wp\/v2\/posts\/869\/revisions"}],"wp:featuredmedia":[{"embeddable":true,"href":"https:\/\/bmtcasasdeves.com\/index.php\/wp-json\/wp\/v2\/media\/874"}],"wp:attachment":[{"href":"https:\/\/bmtcasasdeves.com\/index.php\/wp-json\/wp\/v2\/media?parent=869"}],"wp:term":[{"taxonomy":"category","embeddable":true,"href":"https:\/\/bmtcasasdeves.com\/index.php\/wp-json\/wp\/v2\/categories?post=869"},{"taxonomy":"post_tag","embeddable":true,"href":"https:\/\/bmtcasasdeves.com\/index.php\/wp-json\/wp\/v2\/tags?post=869"}],"curies":[{"name":"wp","href":"https:\/\/api.w.org\/{rel}","templated":true}]}}