{"id":7456,"date":"2026-03-14T10:54:01","date_gmt":"2026-03-14T10:54:01","guid":{"rendered":"https:\/\/bmtcasasdeves.com\/?p=7456"},"modified":"2026-03-14T10:55:35","modified_gmt":"2026-03-14T10:55:35","slug":"el-club-bmt-casas-de-ves-galardonado-en-los-premios-provinciales-del-deporte-2025","status":"publish","type":"post","link":"https:\/\/bmtcasasdeves.com\/index.php\/2026\/03\/14\/el-club-bmt-casas-de-ves-galardonado-en-los-premios-provinciales-del-deporte-2025\/","title":{"rendered":"El club BMT Casas de Ves, galardonado en los Premios Provinciales del Deporte 2025"},"content":{"rendered":"\n<p>La Diputaci\u00f3n Provincial de Albacete celebra anualmente sus premios provinciales del deporte y este a\u00f1o, en la categor\u00eda de orientaci\u00f3n, el galard\u00f3n ha sido para el club BMT Casas de Ves.<\/p>\n\n\n\n<p>Una distinci\u00f3n no s\u00f3lo por sus resultados en 2025, que tambi\u00e9n, sino tambi\u00e9n por su trayectoria a nivel provincial, regional y nacional.<\/p>\n\n\n\n<p>[EXTRACTO DE LA GALA]<\/p>\n\n\n\n<p><a href=\"https:\/\/www.facebook.com\/story.php?story_fbid=1789341292247231&amp;id=100035141330063&amp;mibextid=wwXIfr&amp;rdid=La7Kw1eNSJBTKdhp#\" type=\"link\" id=\"https:\/\/www.facebook.com\/story.php?story_fbid=1789341292247231&amp;id=100035141330063&amp;mibextid=wwXIfr&amp;rdid=La7Kw1eNSJBTKdhp#\">[IM\u00c1GENES PRENSA]<\/a><\/p>\n\n\n\n<figure class=\"wp-block-gallery has-nested-images columns-default is-cropped wp-block-gallery-1 is-layout-flex wp-block-gallery-is-layout-flex\">\n<figure class=\"wp-block-image size-large\"><img loading=\"lazy\" decoding=\"async\" width=\"1024\" height=\"683\" data-id=\"7462\" src=\"https:\/\/bmtcasasdeves.com\/wp-content\/uploads\/2026\/03\/650054367_1789339305580763_9160320542794656980_n-1024x683.jpg\" alt=\"\" class=\"wp-image-7462\" srcset=\"https:\/\/bmtcasasdeves.com\/wp-content\/uploads\/2026\/03\/650054367_1789339305580763_9160320542794656980_n-1024x683.jpg 1024w, https:\/\/bmtcasasdeves.com\/wp-content\/uploads\/2026\/03\/650054367_1789339305580763_9160320542794656980_n-300x200.jpg 300w, https:\/\/bmtcasasdeves.com\/wp-content\/uploads\/2026\/03\/650054367_1789339305580763_9160320542794656980_n-768x512.jpg 768w, https:\/\/bmtcasasdeves.com\/wp-content\/uploads\/2026\/03\/650054367_1789339305580763_9160320542794656980_n-1536x1024.jpg 1536w, https:\/\/bmtcasasdeves.com\/wp-content\/uploads\/2026\/03\/650054367_1789339305580763_9160320542794656980_n.jpg 2048w\" sizes=\"auto, (max-width: 1024px) 100vw, 1024px\" \/><\/figure>\n\n\n\n<figure class=\"wp-block-image size-large\"><img loading=\"lazy\" decoding=\"async\" width=\"768\" height=\"1024\" data-id=\"7457\" src=\"https:\/\/bmtcasasdeves.com\/wp-content\/uploads\/2026\/03\/WhatsApp-Image-2026-03-14-at-11.40.49-2-768x1024.jpeg\" alt=\"\" class=\"wp-image-7457\" srcset=\"https:\/\/bmtcasasdeves.com\/wp-content\/uploads\/2026\/03\/WhatsApp-Image-2026-03-14-at-11.40.49-2-768x1024.jpeg 768w, https:\/\/bmtcasasdeves.com\/wp-content\/uploads\/2026\/03\/WhatsApp-Image-2026-03-14-at-11.40.49-2-225x300.jpeg 225w, https:\/\/bmtcasasdeves.com\/wp-content\/uploads\/2026\/03\/WhatsApp-Image-2026-03-14-at-11.40.49-2-1152x1536.jpeg 1152w, https:\/\/bmtcasasdeves.com\/wp-content\/uploads\/2026\/03\/WhatsApp-Image-2026-03-14-at-11.40.49-2.jpeg 1536w\" sizes=\"auto, (max-width: 768px) 100vw, 768px\" \/><\/figure>\n\n\n\n<figure class=\"wp-block-image size-large\"><img loading=\"lazy\" decoding=\"async\" width=\"1024\" height=\"768\" data-id=\"7461\" src=\"https:\/\/bmtcasasdeves.com\/wp-content\/uploads\/2026\/03\/WhatsApp-Image-2026-03-14-at-11.40.49-1-1024x768.jpeg\" alt=\"\" class=\"wp-image-7461\" srcset=\"https:\/\/bmtcasasdeves.com\/wp-content\/uploads\/2026\/03\/WhatsApp-Image-2026-03-14-at-11.40.49-1-1024x768.jpeg 1024w, https:\/\/bmtcasasdeves.com\/wp-content\/uploads\/2026\/03\/WhatsApp-Image-2026-03-14-at-11.40.49-1-300x225.jpeg 300w, https:\/\/bmtcasasdeves.com\/wp-content\/uploads\/2026\/03\/WhatsApp-Image-2026-03-14-at-11.40.49-1-768x576.jpeg 768w, https:\/\/bmtcasasdeves.com\/wp-content\/uploads\/2026\/03\/WhatsApp-Image-2026-03-14-at-11.40.49-1-1536x1152.jpeg 1536w, https:\/\/bmtcasasdeves.com\/wp-content\/uploads\/2026\/03\/WhatsApp-Image-2026-03-14-at-11.40.49-1.jpeg 2000w\" sizes=\"auto, (max-width: 1024px) 100vw, 1024px\" \/><\/figure>\n\n\n\n<figure class=\"wp-block-image size-large\"><img loading=\"lazy\" decoding=\"async\" width=\"1024\" height=\"768\" data-id=\"7458\" src=\"https:\/\/bmtcasasdeves.com\/wp-content\/uploads\/2026\/03\/WhatsApp-Image-2026-03-14-at-11.40.49-1024x768.jpeg\" alt=\"\" class=\"wp-image-7458\" srcset=\"https:\/\/bmtcasasdeves.com\/wp-content\/uploads\/2026\/03\/WhatsApp-Image-2026-03-14-at-11.40.49-1024x768.jpeg 1024w, https:\/\/bmtcasasdeves.com\/wp-content\/uploads\/2026\/03\/WhatsApp-Image-2026-03-14-at-11.40.49-300x225.jpeg 300w, https:\/\/bmtcasasdeves.com\/wp-content\/uploads\/2026\/03\/WhatsApp-Image-2026-03-14-at-11.40.49-768x576.jpeg 768w, https:\/\/bmtcasasdeves.com\/wp-content\/uploads\/2026\/03\/WhatsApp-Image-2026-03-14-at-11.40.49-1536x1152.jpeg 1536w, https:\/\/bmtcasasdeves.com\/wp-content\/uploads\/2026\/03\/WhatsApp-Image-2026-03-14-at-11.40.49.jpeg 1600w\" sizes=\"auto, (max-width: 1024px) 100vw, 1024px\" \/><\/figure>\n\n\n\n<figure class=\"wp-block-image size-large\"><img loading=\"lazy\" decoding=\"async\" width=\"1024\" height=\"768\" data-id=\"7459\" src=\"https:\/\/bmtcasasdeves.com\/wp-content\/uploads\/2026\/03\/WhatsApp-Image-2026-03-14-at-11.40.48-2-1024x768.jpeg\" alt=\"\" class=\"wp-image-7459\" srcset=\"https:\/\/bmtcasasdeves.com\/wp-content\/uploads\/2026\/03\/WhatsApp-Image-2026-03-14-at-11.40.48-2-1024x768.jpeg 1024w, https:\/\/bmtcasasdeves.com\/wp-content\/uploads\/2026\/03\/WhatsApp-Image-2026-03-14-at-11.40.48-2-300x225.jpeg 300w, https:\/\/bmtcasasdeves.com\/wp-content\/uploads\/2026\/03\/WhatsApp-Image-2026-03-14-at-11.40.48-2-768x576.jpeg 768w, https:\/\/bmtcasasdeves.com\/wp-content\/uploads\/2026\/03\/WhatsApp-Image-2026-03-14-at-11.40.48-2-1536x1152.jpeg 1536w, https:\/\/bmtcasasdeves.com\/wp-content\/uploads\/2026\/03\/WhatsApp-Image-2026-03-14-at-11.40.48-2.jpeg 1600w\" sizes=\"auto, (max-width: 1024px) 100vw, 1024px\" \/><\/figure>\n\n\n\n<figure class=\"wp-block-image size-large\"><img loading=\"lazy\" decoding=\"async\" width=\"1024\" height=\"683\" data-id=\"7460\" src=\"https:\/\/bmtcasasdeves.com\/wp-content\/uploads\/2026\/03\/WhatsApp-Image-2026-03-14-at-11.40.48-1-1024x683.jpeg\" alt=\"\" class=\"wp-image-7460\" srcset=\"https:\/\/bmtcasasdeves.com\/wp-content\/uploads\/2026\/03\/WhatsApp-Image-2026-03-14-at-11.40.48-1-1024x683.jpeg 1024w, https:\/\/bmtcasasdeves.com\/wp-content\/uploads\/2026\/03\/WhatsApp-Image-2026-03-14-at-11.40.48-1-300x200.jpeg 300w, https:\/\/bmtcasasdeves.com\/wp-content\/uploads\/2026\/03\/WhatsApp-Image-2026-03-14-at-11.40.48-1-768x512.jpeg 768w, https:\/\/bmtcasasdeves.com\/wp-content\/uploads\/2026\/03\/WhatsApp-Image-2026-03-14-at-11.40.48-1-1536x1024.jpeg 1536w, https:\/\/bmtcasasdeves.com\/wp-content\/uploads\/2026\/03\/WhatsApp-Image-2026-03-14-at-11.40.48-1.jpeg 2048w\" sizes=\"auto, (max-width: 1024px) 100vw, 1024px\" \/><\/figure>\n\n\n\n<figure class=\"wp-block-image size-large\"><img loading=\"lazy\" decoding=\"async\" width=\"768\" height=\"1024\" data-id=\"7463\" src=\"https:\/\/bmtcasasdeves.com\/wp-content\/uploads\/2026\/03\/WhatsApp-Image-2026-03-14-at-11.40.48-768x1024.jpeg\" alt=\"\" class=\"wp-image-7463\" srcset=\"https:\/\/bmtcasasdeves.com\/wp-content\/uploads\/2026\/03\/WhatsApp-Image-2026-03-14-at-11.40.48-768x1024.jpeg 768w, https:\/\/bmtcasasdeves.com\/wp-content\/uploads\/2026\/03\/WhatsApp-Image-2026-03-14-at-11.40.48-225x300.jpeg 225w, https:\/\/bmtcasasdeves.com\/wp-content\/uploads\/2026\/03\/WhatsApp-Image-2026-03-14-at-11.40.48-1152x1536.jpeg 1152w, https:\/\/bmtcasasdeves.com\/wp-content\/uploads\/2026\/03\/WhatsApp-Image-2026-03-14-at-11.40.48.jpeg 1530w\" sizes=\"auto, (max-width: 768px) 100vw, 768px\" \/><\/figure>\n<\/figure>\n","protected":false},"excerpt":{"rendered":"<p>La Diputaci\u00f3n Provincial de Albacete celebra anualmente sus premios provinciales del deporte y este a\u00f1o, en la categor\u00eda de orientaci\u00f3n, el galard\u00f3n ha sido para el club BMT Casas de Ves. Una distinci\u00f3n no s\u00f3lo por sus resultados en 2025, que tambi\u00e9n, sino tambi\u00e9n por su trayectoria a nivel provincial, regional y nacional. [EXTRACTO DE [&hellip;]<\/p>\n","protected":false},"author":1,"featured_media":7464,"comment_status":"closed","ping_status":"open","sticky":false,"template":"","format":"standard","meta":{"jetpack_post_was_ever_published":false,"_jetpack_newsletter_access":"","_jetpack_dont_email_post_to_subs":false,"_jetpack_newsletter_tier_id":0,"_jetpack_memberships_contains_paywalled_content":false,"_jetpack_memberships_contains_paid_content":false,"footnotes":""},"categories":[27],"tags":[],"class_list":["post-7456","post","type-post","status-publish","format-standard","has-post-thumbnail","hentry","category-orientacion"],"yoast_head":"<!-- This site is optimized with the Yoast SEO plugin v27.5 - https:\/\/yoast.com\/product\/yoast-seo-wordpress\/ -->\n<title>El club BMT Casas de Ves, galardonado en los Premios Provinciales del Deporte 2025 - BMT Casas de Ves<\/title>\n<meta name=\"robots\" content=\"index, follow, max-snippet:-1, max-image-preview:large, max-video-preview:-1\" \/>\n<link rel=\"canonical\" href=\"https:\/\/bmtcasasdeves.com\/index.php\/2026\/03\/14\/el-club-bmt-casas-de-ves-galardonado-en-los-premios-provinciales-del-deporte-2025\/\" \/>\n<meta property=\"og:locale\" content=\"es_ES\" \/>\n<meta property=\"og:type\" content=\"article\" \/>\n<meta property=\"og:title\" content=\"El club BMT Casas de Ves, galardonado en los Premios Provinciales del Deporte 2025 - BMT Casas de Ves\" \/>\n<meta property=\"og:description\" content=\"La Diputaci\u00f3n Provincial de Albacete celebra anualmente sus premios provinciales del deporte y este a\u00f1o, en la categor\u00eda de orientaci\u00f3n, el galard\u00f3n ha sido para el club BMT Casas de Ves. Una distinci\u00f3n no s\u00f3lo por sus resultados en 2025, que tambi\u00e9n, sino tambi\u00e9n por su trayectoria a nivel provincial, regional y nacional. [EXTRACTO DE [&hellip;]\" \/>\n<meta property=\"og:url\" content=\"https:\/\/bmtcasasdeves.com\/index.php\/2026\/03\/14\/el-club-bmt-casas-de-ves-galardonado-en-los-premios-provinciales-del-deporte-2025\/\" \/>\n<meta property=\"og:site_name\" content=\"BMT Casas de Ves\" \/>\n<meta property=\"article:published_time\" content=\"2026-03-14T10:54:01+00:00\" \/>\n<meta property=\"article:modified_time\" content=\"2026-03-14T10:55:35+00:00\" \/>\n<meta property=\"og:image\" content=\"https:\/\/bmtcasasdeves.com\/wp-content\/uploads\/2026\/03\/WhatsApp-Image-2026-03-14-at-11.40.49-1-1.jpeg\" \/>\n\t<meta property=\"og:image:width\" content=\"2000\" \/>\n\t<meta property=\"og:image:height\" content=\"1500\" \/>\n\t<meta property=\"og:image:type\" content=\"image\/jpeg\" \/>\n<meta name=\"author\" content=\"admin\" \/>\n<meta name=\"twitter:card\" content=\"summary_large_image\" \/>\n<meta name=\"twitter:label1\" content=\"Escrito por\" \/>\n\t<meta name=\"twitter:data1\" content=\"admin\" \/>\n\t<meta name=\"twitter:label2\" content=\"Tiempo de lectura\" \/>\n\t<meta name=\"twitter:data2\" content=\"2 minutos\" \/>\n<script type=\"application\/ld+json\" class=\"yoast-schema-graph\">{\"@context\":\"https:\\\/\\\/schema.org\",\"@graph\":[{\"@type\":\"Article\",\"@id\":\"https:\\\/\\\/bmtcasasdeves.com\\\/index.php\\\/2026\\\/03\\\/14\\\/el-club-bmt-casas-de-ves-galardonado-en-los-premios-provinciales-del-deporte-2025\\\/#article\",\"isPartOf\":{\"@id\":\"https:\\\/\\\/bmtcasasdeves.com\\\/index.php\\\/2026\\\/03\\\/14\\\/el-club-bmt-casas-de-ves-galardonado-en-los-premios-provinciales-del-deporte-2025\\\/\"},\"author\":{\"name\":\"admin\",\"@id\":\"https:\\\/\\\/bmtcasasdeves.com\\\/#\\\/schema\\\/person\\\/0a74d99220d05e344176d35f8cd0d687\"},\"headline\":\"El club BMT Casas de Ves, galardonado en los Premios Provinciales del Deporte 2025\",\"datePublished\":\"2026-03-14T10:54:01+00:00\",\"dateModified\":\"2026-03-14T10:55:35+00:00\",\"mainEntityOfPage\":{\"@id\":\"https:\\\/\\\/bmtcasasdeves.com\\\/index.php\\\/2026\\\/03\\\/14\\\/el-club-bmt-casas-de-ves-galardonado-en-los-premios-provinciales-del-deporte-2025\\\/\"},\"wordCount\":81,\"publisher\":{\"@id\":\"https:\\\/\\\/bmtcasasdeves.com\\\/#organization\"},\"image\":{\"@id\":\"https:\\\/\\\/bmtcasasdeves.com\\\/index.php\\\/2026\\\/03\\\/14\\\/el-club-bmt-casas-de-ves-galardonado-en-los-premios-provinciales-del-deporte-2025\\\/#primaryimage\"},\"thumbnailUrl\":\"https:\\\/\\\/bmtcasasdeves.com\\\/wp-content\\\/uploads\\\/2026\\\/03\\\/WhatsApp-Image-2026-03-14-at-11.40.49-1-1.jpeg\",\"articleSection\":[\"Orientaci\u00f3n\"],\"inLanguage\":\"es\"},{\"@type\":\"WebPage\",\"@id\":\"https:\\\/\\\/bmtcasasdeves.com\\\/index.php\\\/2026\\\/03\\\/14\\\/el-club-bmt-casas-de-ves-galardonado-en-los-premios-provinciales-del-deporte-2025\\\/\",\"url\":\"https:\\\/\\\/bmtcasasdeves.com\\\/index.php\\\/2026\\\/03\\\/14\\\/el-club-bmt-casas-de-ves-galardonado-en-los-premios-provinciales-del-deporte-2025\\\/\",\"name\":\"El club BMT Casas de Ves, galardonado en los Premios Provinciales del Deporte 2025 - BMT Casas de Ves\",\"isPartOf\":{\"@id\":\"https:\\\/\\\/bmtcasasdeves.com\\\/#website\"},\"primaryImageOfPage\":{\"@id\":\"https:\\\/\\\/bmtcasasdeves.com\\\/index.php\\\/2026\\\/03\\\/14\\\/el-club-bmt-casas-de-ves-galardonado-en-los-premios-provinciales-del-deporte-2025\\\/#primaryimage\"},\"image\":{\"@id\":\"https:\\\/\\\/bmtcasasdeves.com\\\/index.php\\\/2026\\\/03\\\/14\\\/el-club-bmt-casas-de-ves-galardonado-en-los-premios-provinciales-del-deporte-2025\\\/#primaryimage\"},\"thumbnailUrl\":\"https:\\\/\\\/bmtcasasdeves.com\\\/wp-content\\\/uploads\\\/2026\\\/03\\\/WhatsApp-Image-2026-03-14-at-11.40.49-1-1.jpeg\",\"datePublished\":\"2026-03-14T10:54:01+00:00\",\"dateModified\":\"2026-03-14T10:55:35+00:00\",\"breadcrumb\":{\"@id\":\"https:\\\/\\\/bmtcasasdeves.com\\\/index.php\\\/2026\\\/03\\\/14\\\/el-club-bmt-casas-de-ves-galardonado-en-los-premios-provinciales-del-deporte-2025\\\/#breadcrumb\"},\"inLanguage\":\"es\",\"potentialAction\":[{\"@type\":\"ReadAction\",\"target\":[\"https:\\\/\\\/bmtcasasdeves.com\\\/index.php\\\/2026\\\/03\\\/14\\\/el-club-bmt-casas-de-ves-galardonado-en-los-premios-provinciales-del-deporte-2025\\\/\"]}]},{\"@type\":\"ImageObject\",\"inLanguage\":\"es\",\"@id\":\"https:\\\/\\\/bmtcasasdeves.com\\\/index.php\\\/2026\\\/03\\\/14\\\/el-club-bmt-casas-de-ves-galardonado-en-los-premios-provinciales-del-deporte-2025\\\/#primaryimage\",\"url\":\"https:\\\/\\\/bmtcasasdeves.com\\\/wp-content\\\/uploads\\\/2026\\\/03\\\/WhatsApp-Image-2026-03-14-at-11.40.49-1-1.jpeg\",\"contentUrl\":\"https:\\\/\\\/bmtcasasdeves.com\\\/wp-content\\\/uploads\\\/2026\\\/03\\\/WhatsApp-Image-2026-03-14-at-11.40.49-1-1.jpeg\",\"width\":2000,\"height\":1500},{\"@type\":\"BreadcrumbList\",\"@id\":\"https:\\\/\\\/bmtcasasdeves.com\\\/index.php\\\/2026\\\/03\\\/14\\\/el-club-bmt-casas-de-ves-galardonado-en-los-premios-provinciales-del-deporte-2025\\\/#breadcrumb\",\"itemListElement\":[{\"@type\":\"ListItem\",\"position\":1,\"name\":\"Portada\",\"item\":\"https:\\\/\\\/bmtcasasdeves.com\\\/\"},{\"@type\":\"ListItem\",\"position\":2,\"name\":\"El club BMT Casas de Ves, galardonado en los Premios Provinciales del Deporte 2025\"}]},{\"@type\":\"WebSite\",\"@id\":\"https:\\\/\\\/bmtcasasdeves.com\\\/#website\",\"url\":\"https:\\\/\\\/bmtcasasdeves.com\\\/\",\"name\":\"BMT Casas de Ves\",\"description\":\"Club atletismo-orientaci\u00f3n-ciclismo de Casas de Ves\",\"publisher\":{\"@id\":\"https:\\\/\\\/bmtcasasdeves.com\\\/#organization\"},\"potentialAction\":[{\"@type\":\"SearchAction\",\"target\":{\"@type\":\"EntryPoint\",\"urlTemplate\":\"https:\\\/\\\/bmtcasasdeves.com\\\/?s={search_term_string}\"},\"query-input\":{\"@type\":\"PropertyValueSpecification\",\"valueRequired\":true,\"valueName\":\"search_term_string\"}}],\"inLanguage\":\"es\"},{\"@type\":\"Organization\",\"@id\":\"https:\\\/\\\/bmtcasasdeves.com\\\/#organization\",\"name\":\"BMT Casas de Ves\",\"url\":\"https:\\\/\\\/bmtcasasdeves.com\\\/\",\"logo\":{\"@type\":\"ImageObject\",\"inLanguage\":\"es\",\"@id\":\"https:\\\/\\\/bmtcasasdeves.com\\\/#\\\/schema\\\/logo\\\/image\\\/\",\"url\":\"https:\\\/\\\/bmtcasasdeves.com\\\/wp-content\\\/uploads\\\/2021\\\/02\\\/cropped-Banner-Web-01-2-scaled-1.jpg\",\"contentUrl\":\"https:\\\/\\\/bmtcasasdeves.com\\\/wp-content\\\/uploads\\\/2021\\\/02\\\/cropped-Banner-Web-01-2-scaled-1.jpg\",\"width\":2000,\"height\":1200,\"caption\":\"BMT Casas de Ves\"},\"image\":{\"@id\":\"https:\\\/\\\/bmtcasasdeves.com\\\/#\\\/schema\\\/logo\\\/image\\\/\"}},{\"@type\":\"Person\",\"@id\":\"https:\\\/\\\/bmtcasasdeves.com\\\/#\\\/schema\\\/person\\\/0a74d99220d05e344176d35f8cd0d687\",\"name\":\"admin\",\"image\":{\"@type\":\"ImageObject\",\"inLanguage\":\"es\",\"@id\":\"https:\\\/\\\/secure.gravatar.com\\\/avatar\\\/9c3dcf6fe048cbaa73c09c26c4bb2cb6d3cbbb19600a61fdcfeeee501775162f?s=96&d=mm&r=g\",\"url\":\"https:\\\/\\\/secure.gravatar.com\\\/avatar\\\/9c3dcf6fe048cbaa73c09c26c4bb2cb6d3cbbb19600a61fdcfeeee501775162f?s=96&d=mm&r=g\",\"contentUrl\":\"https:\\\/\\\/secure.gravatar.com\\\/avatar\\\/9c3dcf6fe048cbaa73c09c26c4bb2cb6d3cbbb19600a61fdcfeeee501775162f?s=96&d=mm&r=g\",\"caption\":\"admin\"},\"sameAs\":[\"https:\\\/\\\/bmtcasasdeves.com\"],\"url\":\"https:\\\/\\\/bmtcasasdeves.com\\\/index.php\\\/author\\\/adminbmt\\\/\"}]}<\/script>\n<!-- \/ Yoast SEO plugin. -->","yoast_head_json":{"title":"El club BMT Casas de Ves, galardonado en los Premios Provinciales del Deporte 2025 - BMT Casas de Ves","robots":{"index":"index","follow":"follow","max-snippet":"max-snippet:-1","max-image-preview":"max-image-preview:large","max-video-preview":"max-video-preview:-1"},"canonical":"https:\/\/bmtcasasdeves.com\/index.php\/2026\/03\/14\/el-club-bmt-casas-de-ves-galardonado-en-los-premios-provinciales-del-deporte-2025\/","og_locale":"es_ES","og_type":"article","og_title":"El club BMT Casas de Ves, galardonado en los Premios Provinciales del Deporte 2025 - BMT Casas de Ves","og_description":"La Diputaci\u00f3n Provincial de Albacete celebra anualmente sus premios provinciales del deporte y este a\u00f1o, en la categor\u00eda de orientaci\u00f3n, el galard\u00f3n ha sido para el club BMT Casas de Ves. Una distinci\u00f3n no s\u00f3lo por sus resultados en 2025, que tambi\u00e9n, sino tambi\u00e9n por su trayectoria a nivel provincial, regional y nacional. [EXTRACTO DE [&hellip;]","og_url":"https:\/\/bmtcasasdeves.com\/index.php\/2026\/03\/14\/el-club-bmt-casas-de-ves-galardonado-en-los-premios-provinciales-del-deporte-2025\/","og_site_name":"BMT Casas de Ves","article_published_time":"2026-03-14T10:54:01+00:00","article_modified_time":"2026-03-14T10:55:35+00:00","og_image":[{"width":2000,"height":1500,"url":"https:\/\/bmtcasasdeves.com\/wp-content\/uploads\/2026\/03\/WhatsApp-Image-2026-03-14-at-11.40.49-1-1.jpeg","type":"image\/jpeg"}],"author":"admin","twitter_card":"summary_large_image","twitter_misc":{"Escrito por":"admin","Tiempo de lectura":"2 minutos"},"schema":{"@context":"https:\/\/schema.org","@graph":[{"@type":"Article","@id":"https:\/\/bmtcasasdeves.com\/index.php\/2026\/03\/14\/el-club-bmt-casas-de-ves-galardonado-en-los-premios-provinciales-del-deporte-2025\/#article","isPartOf":{"@id":"https:\/\/bmtcasasdeves.com\/index.php\/2026\/03\/14\/el-club-bmt-casas-de-ves-galardonado-en-los-premios-provinciales-del-deporte-2025\/"},"author":{"name":"admin","@id":"https:\/\/bmtcasasdeves.com\/#\/schema\/person\/0a74d99220d05e344176d35f8cd0d687"},"headline":"El club BMT Casas de Ves, galardonado en los Premios Provinciales del Deporte 2025","datePublished":"2026-03-14T10:54:01+00:00","dateModified":"2026-03-14T10:55:35+00:00","mainEntityOfPage":{"@id":"https:\/\/bmtcasasdeves.com\/index.php\/2026\/03\/14\/el-club-bmt-casas-de-ves-galardonado-en-los-premios-provinciales-del-deporte-2025\/"},"wordCount":81,"publisher":{"@id":"https:\/\/bmtcasasdeves.com\/#organization"},"image":{"@id":"https:\/\/bmtcasasdeves.com\/index.php\/2026\/03\/14\/el-club-bmt-casas-de-ves-galardonado-en-los-premios-provinciales-del-deporte-2025\/#primaryimage"},"thumbnailUrl":"https:\/\/bmtcasasdeves.com\/wp-content\/uploads\/2026\/03\/WhatsApp-Image-2026-03-14-at-11.40.49-1-1.jpeg","articleSection":["Orientaci\u00f3n"],"inLanguage":"es"},{"@type":"WebPage","@id":"https:\/\/bmtcasasdeves.com\/index.php\/2026\/03\/14\/el-club-bmt-casas-de-ves-galardonado-en-los-premios-provinciales-del-deporte-2025\/","url":"https:\/\/bmtcasasdeves.com\/index.php\/2026\/03\/14\/el-club-bmt-casas-de-ves-galardonado-en-los-premios-provinciales-del-deporte-2025\/","name":"El club BMT Casas de Ves, galardonado en los Premios Provinciales del Deporte 2025 - BMT Casas de Ves","isPartOf":{"@id":"https:\/\/bmtcasasdeves.com\/#website"},"primaryImageOfPage":{"@id":"https:\/\/bmtcasasdeves.com\/index.php\/2026\/03\/14\/el-club-bmt-casas-de-ves-galardonado-en-los-premios-provinciales-del-deporte-2025\/#primaryimage"},"image":{"@id":"https:\/\/bmtcasasdeves.com\/index.php\/2026\/03\/14\/el-club-bmt-casas-de-ves-galardonado-en-los-premios-provinciales-del-deporte-2025\/#primaryimage"},"thumbnailUrl":"https:\/\/bmtcasasdeves.com\/wp-content\/uploads\/2026\/03\/WhatsApp-Image-2026-03-14-at-11.40.49-1-1.jpeg","datePublished":"2026-03-14T10:54:01+00:00","dateModified":"2026-03-14T10:55:35+00:00","breadcrumb":{"@id":"https:\/\/bmtcasasdeves.com\/index.php\/2026\/03\/14\/el-club-bmt-casas-de-ves-galardonado-en-los-premios-provinciales-del-deporte-2025\/#breadcrumb"},"inLanguage":"es","potentialAction":[{"@type":"ReadAction","target":["https:\/\/bmtcasasdeves.com\/index.php\/2026\/03\/14\/el-club-bmt-casas-de-ves-galardonado-en-los-premios-provinciales-del-deporte-2025\/"]}]},{"@type":"ImageObject","inLanguage":"es","@id":"https:\/\/bmtcasasdeves.com\/index.php\/2026\/03\/14\/el-club-bmt-casas-de-ves-galardonado-en-los-premios-provinciales-del-deporte-2025\/#primaryimage","url":"https:\/\/bmtcasasdeves.com\/wp-content\/uploads\/2026\/03\/WhatsApp-Image-2026-03-14-at-11.40.49-1-1.jpeg","contentUrl":"https:\/\/bmtcasasdeves.com\/wp-content\/uploads\/2026\/03\/WhatsApp-Image-2026-03-14-at-11.40.49-1-1.jpeg","width":2000,"height":1500},{"@type":"BreadcrumbList","@id":"https:\/\/bmtcasasdeves.com\/index.php\/2026\/03\/14\/el-club-bmt-casas-de-ves-galardonado-en-los-premios-provinciales-del-deporte-2025\/#breadcrumb","itemListElement":[{"@type":"ListItem","position":1,"name":"Portada","item":"https:\/\/bmtcasasdeves.com\/"},{"@type":"ListItem","position":2,"name":"El club BMT Casas de Ves, galardonado en los Premios Provinciales del Deporte 2025"}]},{"@type":"WebSite","@id":"https:\/\/bmtcasasdeves.com\/#website","url":"https:\/\/bmtcasasdeves.com\/","name":"BMT Casas de Ves","description":"Club atletismo-orientaci\u00f3n-ciclismo de Casas de Ves","publisher":{"@id":"https:\/\/bmtcasasdeves.com\/#organization"},"potentialAction":[{"@type":"SearchAction","target":{"@type":"EntryPoint","urlTemplate":"https:\/\/bmtcasasdeves.com\/?s={search_term_string}"},"query-input":{"@type":"PropertyValueSpecification","valueRequired":true,"valueName":"search_term_string"}}],"inLanguage":"es"},{"@type":"Organization","@id":"https:\/\/bmtcasasdeves.com\/#organization","name":"BMT Casas de Ves","url":"https:\/\/bmtcasasdeves.com\/","logo":{"@type":"ImageObject","inLanguage":"es","@id":"https:\/\/bmtcasasdeves.com\/#\/schema\/logo\/image\/","url":"https:\/\/bmtcasasdeves.com\/wp-content\/uploads\/2021\/02\/cropped-Banner-Web-01-2-scaled-1.jpg","contentUrl":"https:\/\/bmtcasasdeves.com\/wp-content\/uploads\/2021\/02\/cropped-Banner-Web-01-2-scaled-1.jpg","width":2000,"height":1200,"caption":"BMT Casas de Ves"},"image":{"@id":"https:\/\/bmtcasasdeves.com\/#\/schema\/logo\/image\/"}},{"@type":"Person","@id":"https:\/\/bmtcasasdeves.com\/#\/schema\/person\/0a74d99220d05e344176d35f8cd0d687","name":"admin","image":{"@type":"ImageObject","inLanguage":"es","@id":"https:\/\/secure.gravatar.com\/avatar\/9c3dcf6fe048cbaa73c09c26c4bb2cb6d3cbbb19600a61fdcfeeee501775162f?s=96&d=mm&r=g","url":"https:\/\/secure.gravatar.com\/avatar\/9c3dcf6fe048cbaa73c09c26c4bb2cb6d3cbbb19600a61fdcfeeee501775162f?s=96&d=mm&r=g","contentUrl":"https:\/\/secure.gravatar.com\/avatar\/9c3dcf6fe048cbaa73c09c26c4bb2cb6d3cbbb19600a61fdcfeeee501775162f?s=96&d=mm&r=g","caption":"admin"},"sameAs":["https:\/\/bmtcasasdeves.com"],"url":"https:\/\/bmtcasasdeves.com\/index.php\/author\/adminbmt\/"}]}},"views":502,"jetpack_featured_media_url":"https:\/\/bmtcasasdeves.com\/wp-content\/uploads\/2026\/03\/WhatsApp-Image-2026-03-14-at-11.40.49-1-1.jpeg","jetpack_sharing_enabled":true,"_links":{"self":[{"href":"https:\/\/bmtcasasdeves.com\/index.php\/wp-json\/wp\/v2\/posts\/7456","targetHints":{"allow":["GET"]}}],"collection":[{"href":"https:\/\/bmtcasasdeves.com\/index.php\/wp-json\/wp\/v2\/posts"}],"about":[{"href":"https:\/\/bmtcasasdeves.com\/index.php\/wp-json\/wp\/v2\/types\/post"}],"author":[{"embeddable":true,"href":"https:\/\/bmtcasasdeves.com\/index.php\/wp-json\/wp\/v2\/users\/1"}],"replies":[{"embeddable":true,"href":"https:\/\/bmtcasasdeves.com\/index.php\/wp-json\/wp\/v2\/comments?post=7456"}],"version-history":[{"count":1,"href":"https:\/\/bmtcasasdeves.com\/index.php\/wp-json\/wp\/v2\/posts\/7456\/revisions"}],"predecessor-version":[{"id":7465,"href":"https:\/\/bmtcasasdeves.com\/index.php\/wp-json\/wp\/v2\/posts\/7456\/revisions\/7465"}],"wp:featuredmedia":[{"embeddable":true,"href":"https:\/\/bmtcasasdeves.com\/index.php\/wp-json\/wp\/v2\/media\/7464"}],"wp:attachment":[{"href":"https:\/\/bmtcasasdeves.com\/index.php\/wp-json\/wp\/v2\/media?parent=7456"}],"wp:term":[{"taxonomy":"category","embeddable":true,"href":"https:\/\/bmtcasasdeves.com\/index.php\/wp-json\/wp\/v2\/categories?post=7456"},{"taxonomy":"post_tag","embeddable":true,"href":"https:\/\/bmtcasasdeves.com\/index.php\/wp-json\/wp\/v2\/tags?post=7456"}],"curies":[{"name":"wp","href":"https:\/\/api.w.org\/{rel}","templated":true}]}}