{"id":422,"date":"2015-12-28T12:02:31","date_gmt":"2015-12-28T11:02:31","guid":{"rendered":"https:\/\/bmtcasasdeves.wordpress.com\/?p=406"},"modified":"2015-12-28T12:02:31","modified_gmt":"2015-12-28T11:02:31","slug":"f-javier-lazaro-y-gelen-munoz-vencen-en-la-iii-san-silvestre-casasdevesana","status":"publish","type":"post","link":"https:\/\/bmtcasasdeves.com\/index.php\/2015\/12\/28\/f-javier-lazaro-y-gelen-munoz-vencen-en-la-iii-san-silvestre-casasdevesana\/","title":{"rendered":"F.Javier Lazaro y Gelen Mu\u00f1oz vencen en la III San Silvestre Casasdevesana"},"content":{"rendered":"<div class=\"_209g _2vxa\"><\/div>\n<div class=\"_209g _2vxa\">Las calles de Casas de Ves acogieron la tercera edici\u00f3n de la San Silvestre Casasdevesana, una prueba que va creciendo a\u00f1o tras a\u00f1o, alcanzando en este a\u00f1o 2015 la cifra de 170 corredores. Hay que destacar que es una de las pocas pruebas en las que se fomenta la participaci\u00f3n de menores de edad, desde chicos que ten\u00edan que hacer un recorrido de 200 metros, hasta los cadetes con una distancia de 6000 metros igual que los senior, pasando por alevines (1500 m) e infantiles (3000 m)<\/div>\n<div class=\"_209g _2vxa\"><\/div>\n<div class=\"_209g _2vxa\">El recorrido de este a\u00f1o sufr\u00eda una importante modificaci\u00f3n, ya que pasaba por las calles m\u00e1s c\u00e9ntricas e importantes de Casas de Ves, lo que implicaba\u00a0que el n\u00famero de voluntarios fuera bastante elevado para cortar los cruces al tr\u00e1fico. La respuesta de los vecinos de Casas de Ves fue excepcional y se consiguieron los suficientes para conseguir una carrera de garant\u00edas; adem\u00e1s de varios puntos de animaci\u00f3n en mitad del recorrido.<\/div>\n<div class=\"_209g _2vxa\"><\/div>\n<div class=\"_209g _2vxa\">\n<hr \/>\n<\/div>\n<div class=\"_209g _2vxa\"><\/div>\n<div class=\"_209g _2vxa\">&#8211; Video salida: <a href=\"https:\/\/www.youtube.com\/watch?v=iDmYpSM6hBY\" target=\"_blank\" rel=\"noopener\">[ENLACE]<\/a><\/div>\n<div class=\"_209g _2vxa\">&#8211; Video llegada: <a href=\"https:\/\/youtu.be\/agDZ7QhCwzY\" target=\"_blank\" rel=\"noopener\">[ENLACE]<\/a><\/div>\n<div class=\"_209g _2vxa\">&#8211; Fotos Ascen P\u00e9rez: <a href=\"https:\/\/www.facebook.com\/media\/set\/?set=a.923474424400530.1073741835.288207277927251&amp;type=1&amp;l=b1b11b4908\" target=\"_blank\" rel=\"noopener\">[ENLACE]<\/a><\/div>\n<div class=\"_209g _2vxa\">&#8211; Fotos Ascen P\u00e9rez previo carrera: <a href=\"http:\/\/F.Javier Lazaro y Gelen Mu\u00f1oz vencen en la III San Silvestre Casasdevesana\" target=\"_blank\" rel=\"noopener\">[ENLACE]<\/a><\/div>\n<div class=\"_209g _2vxa\">&#8211; Fotos Antonio Royo: <a href=\"https:\/\/www.facebook.com\/media\/set\/?set=a.923758354372137.1073741837.288207277927251&amp;type=1&amp;l=c292b555a4\" target=\"_blank\" rel=\"noopener\">[ENLACE]<\/a><\/div>\n<div class=\"_209g _2vxa\"><\/div>\n<div class=\"_209g _2vxa\">\n<figure id=\"attachment_420\" aria-describedby=\"caption-attachment-420\" style=\"width: 4288px\" class=\"wp-caption alignnone\"><img loading=\"lazy\" decoding=\"async\" class=\"alignnone size-full wp-image-420\" src=\"https:\/\/bmtcasasdeves.com\/wp-content\/uploads\/2015\/12\/dsc_0505.jpg\" alt=\"DSC_0505\" width=\"4288\" height=\"2848\" \/><figcaption id=\"caption-attachment-420\" class=\"wp-caption-text\">Momento de la salida<\/figcaption><\/figure>\n<\/div>\n<div class=\"_209g _2vxa\"><\/div>\n<div class=\"_209g _2vxa\">En la categor\u00eda senior masculino, F. Javier Lazaro Sesa (CA El Valle-Ayora) se impon\u00eda en la linea de meta al parar el crono en 21:01, consiguiendo un ritmo de 3:30 minutos el kil\u00f3metro. Lo acompa\u00f1aron en el podium Ruben Gallego S\u00e1nchez (Independiente; 21:10) y Jos\u00e9 Rold\u00e1n S\u00e1nchez (Atletas de Pozo Ca\u00f1ada; 21:16)<\/div>\n<div class=\"_209g _2vxa\">\n<figure id=\"attachment_421\" aria-describedby=\"caption-attachment-421\" style=\"width: 4288px\" class=\"wp-caption alignnone\"><img loading=\"lazy\" decoding=\"async\" class=\"alignnone size-full wp-image-421\" src=\"https:\/\/bmtcasasdeves.com\/wp-content\/uploads\/2015\/12\/dsc_0875.jpg\" alt=\"DSC_0875\" width=\"4288\" height=\"2848\" \/><figcaption id=\"caption-attachment-421\" class=\"wp-caption-text\">Podium senior masculino<\/figcaption><\/figure>\n<\/div>\n<div class=\"_209g _2vxa\"><\/div>\n<div class=\"_209g _2vxa\">Por parte de las chicas, Gelen Mu\u00f1oz Nieto (CA Iba\u00f1\u00e9s) repiti\u00f3 la victoria que consigui\u00f3 el a\u00f1o pasado con un tiempo de 23:39. La segunda posici\u00f3n fue para Anabel Iniesta Mart\u00ednez (CA Albacete-Diputaci\u00f3n Albacete; 24:41) y el tercer caj\u00f3n del podium para Encarnaci\u00f3n Cuesta Vizca\u00edno (Doctorrun CA; 29:42)<\/div>\n<div class=\"_209g _2vxa\">\n<figure id=\"attachment_422\" aria-describedby=\"caption-attachment-422\" style=\"width: 4288px\" class=\"wp-caption alignnone\"><img loading=\"lazy\" decoding=\"async\" class=\"alignnone size-full wp-image-422\" src=\"https:\/\/bmtcasasdeves.com\/wp-content\/uploads\/2015\/12\/dsc_0865.jpg\" alt=\"DSC_0865\" width=\"4288\" height=\"2848\" \/><figcaption id=\"caption-attachment-422\" class=\"wp-caption-text\">Podium senior femenino<\/figcaption><\/figure>\n<\/div>\n<div class=\"_209g _2vxa\"><\/div>\n<div class=\"_209g _2vxa\">En las categor\u00edas escolares los podiums \u00a0fueron los siguientes:<\/div>\n<div class=\"_209g _2vxa\">CADETE MASCULINO<\/div>\n<div class=\"_209g _2vxa\">1\u00ba Carlos Jimenez (BMT Casas de Ves)<\/div>\n<div class=\"_209g _2vxa\">2\u00ba Adrian Morales (BMT Casas de Ves)<\/div>\n<div class=\"_209g _2vxa\">3\u00ba Alberto Perez, Javier Garcia y Juanfran Murcia (BMT Casas de Ves)<\/div>\n<div class=\"_209g _2vxa\"><\/div>\n<div class=\"_209g _2vxa\">CADETE FEMENINO<\/div>\n<div class=\"_209g _2vxa\">1\u00ba Esperanza Fernandez (BMT Casas de Ves)<\/div>\n<div class=\"_209g _2vxa\">2\u00ba Ana Defez Cernicharo (BMT Casas de Ves)<\/div>\n<div class=\"_209g _2vxa\">3\u00ba Mireia Navalon (BMT Casas de Ves)<\/div>\n<div class=\"_209g _2vxa\"><\/div>\n<div class=\"_209g _2vxa\">\n<figure id=\"attachment_427\" aria-describedby=\"caption-attachment-427\" style=\"width: 4288px\" class=\"wp-caption alignnone\"><img loading=\"lazy\" decoding=\"async\" class=\"alignnone size-full wp-image-427\" src=\"https:\/\/bmtcasasdeves.com\/wp-content\/uploads\/2015\/12\/dsc_0857.jpg\" alt=\"DSC_0857\" width=\"4288\" height=\"2848\" \/><figcaption id=\"caption-attachment-427\" class=\"wp-caption-text\">Podium categor\u00eda cadete<\/figcaption><\/figure>\n<\/div>\n<div class=\"_209g _2vxa\"><\/div>\n<div class=\"_209g _2vxa\">CATEGOR\u00cdA INFANTIL MASCULINO<\/div>\n<div class=\"_209g _2vxa\">1\u00ba Antonio Millan Lopez (Albacete)<\/div>\n<div class=\"_209g _2vxa\">2\u00ba Julio Carri\u00f3n Sotos (BMT Casas de Ves)<\/div>\n<div class=\"_209g _2vxa\">3\u00ba Miguel Rold\u00e1n Mu\u00f1oz (BMT Casas de Ves)<\/div>\n<div class=\"_209g _2vxa\"><\/div>\n<div class=\"_209g _2vxa\">INFANTIL FEMENINO<\/div>\n<div class=\"_209g _2vxa\">1\u00ba Ainara Pardo Garc\u00eda (BMT Casas de Ves)<\/div>\n<div class=\"_209g _2vxa\">2\u00ba Anabel Iniesta<\/div>\n<div class=\"_209g _2vxa\">3\u00ba Yadira Lopez (BMT Casas de Ves)<\/div>\n<div class=\"_209g _2vxa\">\n<figure id=\"attachment_423\" aria-describedby=\"caption-attachment-423\" style=\"width: 4288px\" class=\"wp-caption alignnone\"><img loading=\"lazy\" decoding=\"async\" class=\"alignnone size-full wp-image-423\" src=\"https:\/\/bmtcasasdeves.com\/wp-content\/uploads\/2015\/12\/dsc_0849.jpg\" alt=\"DSC_0849\" width=\"4288\" height=\"2848\" \/><figcaption id=\"caption-attachment-423\" class=\"wp-caption-text\">Podium categoria infantil<\/figcaption><\/figure>\n<\/div>\n<div class=\"_209g _2vxa\"><\/div>\n<div class=\"_209g _2vxa\">ALEV\u00cdN\u00a0MASCULINO<\/div>\n<div class=\"_209g _2vxa\">1\u00ba Ricardo Lej\u00e1rraga (BMT Casas de Ves)<\/div>\n<div class=\"_209g _2vxa\">2\u00ba \u00c1lvaro Carri\u00f3n y Cesar Hern\u00e1ndez (BMT Casas de Ves)<\/div>\n<div class=\"_209g _2vxa\"><\/div>\n<div class=\"_209g _2vxa\">ALEV\u00cdN FEMENINO<\/div>\n<div class=\"_209g _2vxa\">1\u00ba Irene Alfaro<\/div>\n<div class=\"_209g _2vxa\">2\u00ba Lucia P\u00e9rez<\/div>\n<div class=\"_209g _2vxa\">3\u00ba Roc\u00edo Escobar y Esther Hern\u00e1ndez<\/div>\n<div class=\"_209g _2vxa\">\n<figure id=\"attachment_424\" aria-describedby=\"caption-attachment-424\" style=\"width: 4288px\" class=\"wp-caption alignnone\"><img loading=\"lazy\" decoding=\"async\" class=\"alignnone size-full wp-image-424\" src=\"https:\/\/bmtcasasdeves.com\/wp-content\/uploads\/2015\/12\/dsc_0842.jpg\" alt=\"DSC_0842\" width=\"4288\" height=\"2848\" \/><figcaption id=\"caption-attachment-424\" class=\"wp-caption-text\">Podium categor\u00eda alev\u00edn<\/figcaption><\/figure>\n<p>&nbsp;<\/p>\n<p>Tambi\u00e9n hubo premios para los mejores disfraces, que fueron para las chicas del futuro, bob esponja y Papa noel-caballo<\/p>\n<\/div>\n<div class=\"_209g _2vxa\">\n<figure id=\"attachment_426\" aria-describedby=\"caption-attachment-426\" style=\"width: 4288px\" class=\"wp-caption alignnone\"><img loading=\"lazy\" decoding=\"async\" class=\"alignnone size-full wp-image-426\" src=\"https:\/\/bmtcasasdeves.com\/wp-content\/uploads\/2015\/12\/dsc_0885.jpg\" alt=\"DSC_0885\" width=\"4288\" height=\"2848\" \/><figcaption id=\"caption-attachment-426\" class=\"wp-caption-text\">Premios para los mejores disfraces<\/figcaption><\/figure>\n<\/div>\n<div class=\"_209g _2vxa\"><\/div>\n<div class=\"_209g _2vxa\"><\/div>\n<div class=\"_209g _2vxa\">Y para finalizar esta jornada de fiesta, tras la cerveza y el chocolate, una foto de familia con todos los amigos que disfrutamos de la III edici\u00f3n de la SANSILVESTRE CASASDEVESANA<\/div>\n<div class=\"_209g _2vxa\"><\/div>\n<div class=\"_209g _2vxa\">\n<figure id=\"attachment_425\" aria-describedby=\"caption-attachment-425\" style=\"width: 4288px\" class=\"wp-caption alignnone\"><img loading=\"lazy\" decoding=\"async\" class=\"alignnone size-full wp-image-425\" src=\"https:\/\/bmtcasasdeves.com\/wp-content\/uploads\/2015\/12\/dsc_0888.jpg\" alt=\"DSC_0888\" width=\"4288\" height=\"2848\" \/><figcaption id=\"caption-attachment-425\" class=\"wp-caption-text\">Foto de familia<\/figcaption><\/figure>\n<\/div>\n","protected":false},"excerpt":{"rendered":"<p>Las calles de Casas de Ves acogieron la tercera edici\u00f3n de la San Silvestre Casasdevesana, una prueba que va creciendo a\u00f1o tras a\u00f1o, alcanzando en este a\u00f1o 2015 la cifra de 170 corredores. Hay que destacar que es una de las pocas pruebas en las que se fomenta la participaci\u00f3n de menores de edad, desde [&hellip;]<\/p>\n","protected":false},"author":3,"featured_media":0,"comment_status":"open","ping_status":"open","sticky":false,"template":"","format":"standard","meta":{"jetpack_post_was_ever_published":false,"_jetpack_newsletter_access":"","_jetpack_dont_email_post_to_subs":false,"_jetpack_newsletter_tier_id":0,"_jetpack_memberships_contains_paywalled_content":false,"_jetpack_memberships_contains_paid_content":false,"footnotes":""},"categories":[1],"tags":[],"class_list":["post-422","post","type-post","status-publish","format-standard","hentry","category-uncategorized"],"yoast_head":"<!-- This site is optimized with the Yoast SEO plugin v27.5 - https:\/\/yoast.com\/product\/yoast-seo-wordpress\/ -->\n<title>F.Javier Lazaro y Gelen Mu\u00f1oz vencen en la III San Silvestre Casasdevesana - BMT Casas de Ves<\/title>\n<meta name=\"robots\" content=\"index, follow, max-snippet:-1, max-image-preview:large, max-video-preview:-1\" \/>\n<link rel=\"canonical\" href=\"https:\/\/bmtcasasdeves.com\/index.php\/2015\/12\/28\/f-javier-lazaro-y-gelen-munoz-vencen-en-la-iii-san-silvestre-casasdevesana\/\" \/>\n<meta property=\"og:locale\" content=\"es_ES\" \/>\n<meta property=\"og:type\" content=\"article\" \/>\n<meta property=\"og:title\" content=\"F.Javier Lazaro y Gelen Mu\u00f1oz vencen en la III San Silvestre Casasdevesana - BMT Casas de Ves\" \/>\n<meta property=\"og:description\" content=\"Las calles de Casas de Ves acogieron la tercera edici\u00f3n de la San Silvestre Casasdevesana, una prueba que va creciendo a\u00f1o tras a\u00f1o, alcanzando en este a\u00f1o 2015 la cifra de 170 corredores. Hay que destacar que es una de las pocas pruebas en las que se fomenta la participaci\u00f3n de menores de edad, desde [&hellip;]\" \/>\n<meta property=\"og:url\" content=\"https:\/\/bmtcasasdeves.com\/index.php\/2015\/12\/28\/f-javier-lazaro-y-gelen-munoz-vencen-en-la-iii-san-silvestre-casasdevesana\/\" \/>\n<meta property=\"og:site_name\" content=\"BMT Casas de Ves\" \/>\n<meta property=\"article:published_time\" content=\"2015-12-28T11:02:31+00:00\" \/>\n<meta property=\"og:image\" content=\"https:\/\/bmtcasasdeves.com\/wp-content\/uploads\/2015\/12\/dsc_0505.jpg\" \/>\n<meta name=\"author\" content=\"BMT Casas de Ves\" \/>\n<meta name=\"twitter:card\" content=\"summary_large_image\" \/>\n<meta name=\"twitter:label1\" content=\"Escrito por\" \/>\n\t<meta name=\"twitter:data1\" content=\"BMT Casas de Ves\" \/>\n\t<meta name=\"twitter:label2\" content=\"Tiempo de lectura\" \/>\n\t<meta name=\"twitter:data2\" content=\"3 minutos\" \/>\n<script type=\"application\/ld+json\" class=\"yoast-schema-graph\">{\"@context\":\"https:\\\/\\\/schema.org\",\"@graph\":[{\"@type\":\"Article\",\"@id\":\"https:\\\/\\\/bmtcasasdeves.com\\\/index.php\\\/2015\\\/12\\\/28\\\/f-javier-lazaro-y-gelen-munoz-vencen-en-la-iii-san-silvestre-casasdevesana\\\/#article\",\"isPartOf\":{\"@id\":\"https:\\\/\\\/bmtcasasdeves.com\\\/index.php\\\/2015\\\/12\\\/28\\\/f-javier-lazaro-y-gelen-munoz-vencen-en-la-iii-san-silvestre-casasdevesana\\\/\"},\"author\":{\"name\":\"BMT Casas de Ves\",\"@id\":\"https:\\\/\\\/bmtcasasdeves.com\\\/#\\\/schema\\\/person\\\/6aaf35551234df423bb5324e8ed40abe\"},\"headline\":\"F.Javier Lazaro y Gelen Mu\u00f1oz vencen en la III San Silvestre Casasdevesana\",\"datePublished\":\"2015-12-28T11:02:31+00:00\",\"mainEntityOfPage\":{\"@id\":\"https:\\\/\\\/bmtcasasdeves.com\\\/index.php\\\/2015\\\/12\\\/28\\\/f-javier-lazaro-y-gelen-munoz-vencen-en-la-iii-san-silvestre-casasdevesana\\\/\"},\"wordCount\":594,\"commentCount\":2,\"publisher\":{\"@id\":\"https:\\\/\\\/bmtcasasdeves.com\\\/#organization\"},\"image\":{\"@id\":\"https:\\\/\\\/bmtcasasdeves.com\\\/index.php\\\/2015\\\/12\\\/28\\\/f-javier-lazaro-y-gelen-munoz-vencen-en-la-iii-san-silvestre-casasdevesana\\\/#primaryimage\"},\"thumbnailUrl\":\"https:\\\/\\\/bmtcasasdeves.com\\\/wp-content\\\/uploads\\\/2015\\\/12\\\/dsc_0505.jpg\",\"articleSection\":[\"Uncategorized\"],\"inLanguage\":\"es\",\"potentialAction\":[{\"@type\":\"CommentAction\",\"name\":\"Comment\",\"target\":[\"https:\\\/\\\/bmtcasasdeves.com\\\/index.php\\\/2015\\\/12\\\/28\\\/f-javier-lazaro-y-gelen-munoz-vencen-en-la-iii-san-silvestre-casasdevesana\\\/#respond\"]}]},{\"@type\":\"WebPage\",\"@id\":\"https:\\\/\\\/bmtcasasdeves.com\\\/index.php\\\/2015\\\/12\\\/28\\\/f-javier-lazaro-y-gelen-munoz-vencen-en-la-iii-san-silvestre-casasdevesana\\\/\",\"url\":\"https:\\\/\\\/bmtcasasdeves.com\\\/index.php\\\/2015\\\/12\\\/28\\\/f-javier-lazaro-y-gelen-munoz-vencen-en-la-iii-san-silvestre-casasdevesana\\\/\",\"name\":\"F.Javier Lazaro y Gelen Mu\u00f1oz vencen en la III San Silvestre Casasdevesana - BMT Casas de Ves\",\"isPartOf\":{\"@id\":\"https:\\\/\\\/bmtcasasdeves.com\\\/#website\"},\"primaryImageOfPage\":{\"@id\":\"https:\\\/\\\/bmtcasasdeves.com\\\/index.php\\\/2015\\\/12\\\/28\\\/f-javier-lazaro-y-gelen-munoz-vencen-en-la-iii-san-silvestre-casasdevesana\\\/#primaryimage\"},\"image\":{\"@id\":\"https:\\\/\\\/bmtcasasdeves.com\\\/index.php\\\/2015\\\/12\\\/28\\\/f-javier-lazaro-y-gelen-munoz-vencen-en-la-iii-san-silvestre-casasdevesana\\\/#primaryimage\"},\"thumbnailUrl\":\"https:\\\/\\\/bmtcasasdeves.com\\\/wp-content\\\/uploads\\\/2015\\\/12\\\/dsc_0505.jpg\",\"datePublished\":\"2015-12-28T11:02:31+00:00\",\"breadcrumb\":{\"@id\":\"https:\\\/\\\/bmtcasasdeves.com\\\/index.php\\\/2015\\\/12\\\/28\\\/f-javier-lazaro-y-gelen-munoz-vencen-en-la-iii-san-silvestre-casasdevesana\\\/#breadcrumb\"},\"inLanguage\":\"es\",\"potentialAction\":[{\"@type\":\"ReadAction\",\"target\":[\"https:\\\/\\\/bmtcasasdeves.com\\\/index.php\\\/2015\\\/12\\\/28\\\/f-javier-lazaro-y-gelen-munoz-vencen-en-la-iii-san-silvestre-casasdevesana\\\/\"]}]},{\"@type\":\"ImageObject\",\"inLanguage\":\"es\",\"@id\":\"https:\\\/\\\/bmtcasasdeves.com\\\/index.php\\\/2015\\\/12\\\/28\\\/f-javier-lazaro-y-gelen-munoz-vencen-en-la-iii-san-silvestre-casasdevesana\\\/#primaryimage\",\"url\":\"https:\\\/\\\/bmtcasasdeves.com\\\/wp-content\\\/uploads\\\/2015\\\/12\\\/dsc_0505-scaled.jpg\",\"contentUrl\":\"https:\\\/\\\/bmtcasasdeves.com\\\/wp-content\\\/uploads\\\/2015\\\/12\\\/dsc_0505-scaled.jpg\",\"width\":2560,\"height\":1700},{\"@type\":\"BreadcrumbList\",\"@id\":\"https:\\\/\\\/bmtcasasdeves.com\\\/index.php\\\/2015\\\/12\\\/28\\\/f-javier-lazaro-y-gelen-munoz-vencen-en-la-iii-san-silvestre-casasdevesana\\\/#breadcrumb\",\"itemListElement\":[{\"@type\":\"ListItem\",\"position\":1,\"name\":\"Portada\",\"item\":\"https:\\\/\\\/bmtcasasdeves.com\\\/\"},{\"@type\":\"ListItem\",\"position\":2,\"name\":\"F.Javier Lazaro y Gelen Mu\u00f1oz vencen en la III San Silvestre Casasdevesana\"}]},{\"@type\":\"WebSite\",\"@id\":\"https:\\\/\\\/bmtcasasdeves.com\\\/#website\",\"url\":\"https:\\\/\\\/bmtcasasdeves.com\\\/\",\"name\":\"BMT Casas de Ves\",\"description\":\"Club atletismo-orientaci\u00f3n-ciclismo de Casas de Ves\",\"publisher\":{\"@id\":\"https:\\\/\\\/bmtcasasdeves.com\\\/#organization\"},\"potentialAction\":[{\"@type\":\"SearchAction\",\"target\":{\"@type\":\"EntryPoint\",\"urlTemplate\":\"https:\\\/\\\/bmtcasasdeves.com\\\/?s={search_term_string}\"},\"query-input\":{\"@type\":\"PropertyValueSpecification\",\"valueRequired\":true,\"valueName\":\"search_term_string\"}}],\"inLanguage\":\"es\"},{\"@type\":\"Organization\",\"@id\":\"https:\\\/\\\/bmtcasasdeves.com\\\/#organization\",\"name\":\"BMT Casas de Ves\",\"url\":\"https:\\\/\\\/bmtcasasdeves.com\\\/\",\"logo\":{\"@type\":\"ImageObject\",\"inLanguage\":\"es\",\"@id\":\"https:\\\/\\\/bmtcasasdeves.com\\\/#\\\/schema\\\/logo\\\/image\\\/\",\"url\":\"https:\\\/\\\/bmtcasasdeves.com\\\/wp-content\\\/uploads\\\/2021\\\/02\\\/cropped-Banner-Web-01-2-scaled-1.jpg\",\"contentUrl\":\"https:\\\/\\\/bmtcasasdeves.com\\\/wp-content\\\/uploads\\\/2021\\\/02\\\/cropped-Banner-Web-01-2-scaled-1.jpg\",\"width\":2000,\"height\":1200,\"caption\":\"BMT Casas de Ves\"},\"image\":{\"@id\":\"https:\\\/\\\/bmtcasasdeves.com\\\/#\\\/schema\\\/logo\\\/image\\\/\"}},{\"@type\":\"Person\",\"@id\":\"https:\\\/\\\/bmtcasasdeves.com\\\/#\\\/schema\\\/person\\\/6aaf35551234df423bb5324e8ed40abe\",\"name\":\"BMT Casas de Ves\",\"image\":{\"@type\":\"ImageObject\",\"inLanguage\":\"es\",\"@id\":\"https:\\\/\\\/secure.gravatar.com\\\/avatar\\\/457b632d420b88231aa3bbd27aff181b637f25576d8cb722844b7d4ac9266025?s=96&d=mm&r=g\",\"url\":\"https:\\\/\\\/secure.gravatar.com\\\/avatar\\\/457b632d420b88231aa3bbd27aff181b637f25576d8cb722844b7d4ac9266025?s=96&d=mm&r=g\",\"contentUrl\":\"https:\\\/\\\/secure.gravatar.com\\\/avatar\\\/457b632d420b88231aa3bbd27aff181b637f25576d8cb722844b7d4ac9266025?s=96&d=mm&r=g\",\"caption\":\"BMT Casas de Ves\"},\"url\":\"https:\\\/\\\/bmtcasasdeves.com\\\/index.php\\\/author\\\/bmtcasasdeves\\\/\"}]}<\/script>\n<!-- \/ Yoast SEO plugin. -->","yoast_head_json":{"title":"F.Javier Lazaro y Gelen Mu\u00f1oz vencen en la III San Silvestre Casasdevesana - BMT Casas de Ves","robots":{"index":"index","follow":"follow","max-snippet":"max-snippet:-1","max-image-preview":"max-image-preview:large","max-video-preview":"max-video-preview:-1"},"canonical":"https:\/\/bmtcasasdeves.com\/index.php\/2015\/12\/28\/f-javier-lazaro-y-gelen-munoz-vencen-en-la-iii-san-silvestre-casasdevesana\/","og_locale":"es_ES","og_type":"article","og_title":"F.Javier Lazaro y Gelen Mu\u00f1oz vencen en la III San Silvestre Casasdevesana - BMT Casas de Ves","og_description":"Las calles de Casas de Ves acogieron la tercera edici\u00f3n de la San Silvestre Casasdevesana, una prueba que va creciendo a\u00f1o tras a\u00f1o, alcanzando en este a\u00f1o 2015 la cifra de 170 corredores. Hay que destacar que es una de las pocas pruebas en las que se fomenta la participaci\u00f3n de menores de edad, desde [&hellip;]","og_url":"https:\/\/bmtcasasdeves.com\/index.php\/2015\/12\/28\/f-javier-lazaro-y-gelen-munoz-vencen-en-la-iii-san-silvestre-casasdevesana\/","og_site_name":"BMT Casas de Ves","article_published_time":"2015-12-28T11:02:31+00:00","og_image":[{"url":"https:\/\/bmtcasasdeves.com\/wp-content\/uploads\/2015\/12\/dsc_0505.jpg","type":"","width":"","height":""}],"author":"BMT Casas de Ves","twitter_card":"summary_large_image","twitter_misc":{"Escrito por":"BMT Casas de Ves","Tiempo de lectura":"3 minutos"},"schema":{"@context":"https:\/\/schema.org","@graph":[{"@type":"Article","@id":"https:\/\/bmtcasasdeves.com\/index.php\/2015\/12\/28\/f-javier-lazaro-y-gelen-munoz-vencen-en-la-iii-san-silvestre-casasdevesana\/#article","isPartOf":{"@id":"https:\/\/bmtcasasdeves.com\/index.php\/2015\/12\/28\/f-javier-lazaro-y-gelen-munoz-vencen-en-la-iii-san-silvestre-casasdevesana\/"},"author":{"name":"BMT Casas de Ves","@id":"https:\/\/bmtcasasdeves.com\/#\/schema\/person\/6aaf35551234df423bb5324e8ed40abe"},"headline":"F.Javier Lazaro y Gelen Mu\u00f1oz vencen en la III San Silvestre Casasdevesana","datePublished":"2015-12-28T11:02:31+00:00","mainEntityOfPage":{"@id":"https:\/\/bmtcasasdeves.com\/index.php\/2015\/12\/28\/f-javier-lazaro-y-gelen-munoz-vencen-en-la-iii-san-silvestre-casasdevesana\/"},"wordCount":594,"commentCount":2,"publisher":{"@id":"https:\/\/bmtcasasdeves.com\/#organization"},"image":{"@id":"https:\/\/bmtcasasdeves.com\/index.php\/2015\/12\/28\/f-javier-lazaro-y-gelen-munoz-vencen-en-la-iii-san-silvestre-casasdevesana\/#primaryimage"},"thumbnailUrl":"https:\/\/bmtcasasdeves.com\/wp-content\/uploads\/2015\/12\/dsc_0505.jpg","articleSection":["Uncategorized"],"inLanguage":"es","potentialAction":[{"@type":"CommentAction","name":"Comment","target":["https:\/\/bmtcasasdeves.com\/index.php\/2015\/12\/28\/f-javier-lazaro-y-gelen-munoz-vencen-en-la-iii-san-silvestre-casasdevesana\/#respond"]}]},{"@type":"WebPage","@id":"https:\/\/bmtcasasdeves.com\/index.php\/2015\/12\/28\/f-javier-lazaro-y-gelen-munoz-vencen-en-la-iii-san-silvestre-casasdevesana\/","url":"https:\/\/bmtcasasdeves.com\/index.php\/2015\/12\/28\/f-javier-lazaro-y-gelen-munoz-vencen-en-la-iii-san-silvestre-casasdevesana\/","name":"F.Javier Lazaro y Gelen Mu\u00f1oz vencen en la III San Silvestre Casasdevesana - BMT Casas de Ves","isPartOf":{"@id":"https:\/\/bmtcasasdeves.com\/#website"},"primaryImageOfPage":{"@id":"https:\/\/bmtcasasdeves.com\/index.php\/2015\/12\/28\/f-javier-lazaro-y-gelen-munoz-vencen-en-la-iii-san-silvestre-casasdevesana\/#primaryimage"},"image":{"@id":"https:\/\/bmtcasasdeves.com\/index.php\/2015\/12\/28\/f-javier-lazaro-y-gelen-munoz-vencen-en-la-iii-san-silvestre-casasdevesana\/#primaryimage"},"thumbnailUrl":"https:\/\/bmtcasasdeves.com\/wp-content\/uploads\/2015\/12\/dsc_0505.jpg","datePublished":"2015-12-28T11:02:31+00:00","breadcrumb":{"@id":"https:\/\/bmtcasasdeves.com\/index.php\/2015\/12\/28\/f-javier-lazaro-y-gelen-munoz-vencen-en-la-iii-san-silvestre-casasdevesana\/#breadcrumb"},"inLanguage":"es","potentialAction":[{"@type":"ReadAction","target":["https:\/\/bmtcasasdeves.com\/index.php\/2015\/12\/28\/f-javier-lazaro-y-gelen-munoz-vencen-en-la-iii-san-silvestre-casasdevesana\/"]}]},{"@type":"ImageObject","inLanguage":"es","@id":"https:\/\/bmtcasasdeves.com\/index.php\/2015\/12\/28\/f-javier-lazaro-y-gelen-munoz-vencen-en-la-iii-san-silvestre-casasdevesana\/#primaryimage","url":"https:\/\/bmtcasasdeves.com\/wp-content\/uploads\/2015\/12\/dsc_0505-scaled.jpg","contentUrl":"https:\/\/bmtcasasdeves.com\/wp-content\/uploads\/2015\/12\/dsc_0505-scaled.jpg","width":2560,"height":1700},{"@type":"BreadcrumbList","@id":"https:\/\/bmtcasasdeves.com\/index.php\/2015\/12\/28\/f-javier-lazaro-y-gelen-munoz-vencen-en-la-iii-san-silvestre-casasdevesana\/#breadcrumb","itemListElement":[{"@type":"ListItem","position":1,"name":"Portada","item":"https:\/\/bmtcasasdeves.com\/"},{"@type":"ListItem","position":2,"name":"F.Javier Lazaro y Gelen Mu\u00f1oz vencen en la III San Silvestre Casasdevesana"}]},{"@type":"WebSite","@id":"https:\/\/bmtcasasdeves.com\/#website","url":"https:\/\/bmtcasasdeves.com\/","name":"BMT Casas de Ves","description":"Club atletismo-orientaci\u00f3n-ciclismo de Casas de Ves","publisher":{"@id":"https:\/\/bmtcasasdeves.com\/#organization"},"potentialAction":[{"@type":"SearchAction","target":{"@type":"EntryPoint","urlTemplate":"https:\/\/bmtcasasdeves.com\/?s={search_term_string}"},"query-input":{"@type":"PropertyValueSpecification","valueRequired":true,"valueName":"search_term_string"}}],"inLanguage":"es"},{"@type":"Organization","@id":"https:\/\/bmtcasasdeves.com\/#organization","name":"BMT Casas de Ves","url":"https:\/\/bmtcasasdeves.com\/","logo":{"@type":"ImageObject","inLanguage":"es","@id":"https:\/\/bmtcasasdeves.com\/#\/schema\/logo\/image\/","url":"https:\/\/bmtcasasdeves.com\/wp-content\/uploads\/2021\/02\/cropped-Banner-Web-01-2-scaled-1.jpg","contentUrl":"https:\/\/bmtcasasdeves.com\/wp-content\/uploads\/2021\/02\/cropped-Banner-Web-01-2-scaled-1.jpg","width":2000,"height":1200,"caption":"BMT Casas de Ves"},"image":{"@id":"https:\/\/bmtcasasdeves.com\/#\/schema\/logo\/image\/"}},{"@type":"Person","@id":"https:\/\/bmtcasasdeves.com\/#\/schema\/person\/6aaf35551234df423bb5324e8ed40abe","name":"BMT Casas de Ves","image":{"@type":"ImageObject","inLanguage":"es","@id":"https:\/\/secure.gravatar.com\/avatar\/457b632d420b88231aa3bbd27aff181b637f25576d8cb722844b7d4ac9266025?s=96&d=mm&r=g","url":"https:\/\/secure.gravatar.com\/avatar\/457b632d420b88231aa3bbd27aff181b637f25576d8cb722844b7d4ac9266025?s=96&d=mm&r=g","contentUrl":"https:\/\/secure.gravatar.com\/avatar\/457b632d420b88231aa3bbd27aff181b637f25576d8cb722844b7d4ac9266025?s=96&d=mm&r=g","caption":"BMT Casas de Ves"},"url":"https:\/\/bmtcasasdeves.com\/index.php\/author\/bmtcasasdeves\/"}]}},"views":3047,"jetpack_featured_media_url":"","jetpack_sharing_enabled":true,"_links":{"self":[{"href":"https:\/\/bmtcasasdeves.com\/index.php\/wp-json\/wp\/v2\/posts\/422","targetHints":{"allow":["GET"]}}],"collection":[{"href":"https:\/\/bmtcasasdeves.com\/index.php\/wp-json\/wp\/v2\/posts"}],"about":[{"href":"https:\/\/bmtcasasdeves.com\/index.php\/wp-json\/wp\/v2\/types\/post"}],"author":[{"embeddable":true,"href":"https:\/\/bmtcasasdeves.com\/index.php\/wp-json\/wp\/v2\/users\/3"}],"replies":[{"embeddable":true,"href":"https:\/\/bmtcasasdeves.com\/index.php\/wp-json\/wp\/v2\/comments?post=422"}],"version-history":[{"count":0,"href":"https:\/\/bmtcasasdeves.com\/index.php\/wp-json\/wp\/v2\/posts\/422\/revisions"}],"wp:attachment":[{"href":"https:\/\/bmtcasasdeves.com\/index.php\/wp-json\/wp\/v2\/media?parent=422"}],"wp:term":[{"taxonomy":"category","embeddable":true,"href":"https:\/\/bmtcasasdeves.com\/index.php\/wp-json\/wp\/v2\/categories?post=422"},{"taxonomy":"post_tag","embeddable":true,"href":"https:\/\/bmtcasasdeves.com\/index.php\/wp-json\/wp\/v2\/tags?post=422"}],"curies":[{"name":"wp","href":"https:\/\/api.w.org\/{rel}","templated":true}]}}