{"id":3836,"date":"2021-06-03T09:29:02","date_gmt":"2021-06-03T09:29:02","guid":{"rendered":"https:\/\/bmtcasasdeves.com\/?p=3836"},"modified":"2021-06-10T10:57:43","modified_gmt":"2021-06-10T10:57:43","slug":"antonio-calomarde-clasificado-para-el-campeonato-de-espana-escolar","status":"publish","type":"post","link":"https:\/\/bmtcasasdeves.com\/index.php\/2021\/06\/03\/antonio-calomarde-clasificado-para-el-campeonato-de-espana-escolar\/","title":{"rendered":"Antonio Calomarde, clasificado para el Campeonato de Espa\u00f1a Escolar"},"content":{"rendered":"\n<p>Menudo movimiento bemetero hemos tenido este finde semana. Hasta cuatro actividades diferentes!!<\/p>\n\n\n\n<p>En primer lugar se daba lugar el Campeonato Regional Escolar de Orientacion, celebrado en Ciudad Real por <a href=\"https:\/\/www.facebook.com\/FECAMADO?__cft__[0]=AZXGmB72WwKn1KJFLO_C8R7rx29ZXNtTN608cjC05xM7S7PNYX8KNyBelWSOrtibWm68TY4rdSZmILBQJ9lfOiz4VRb8yIcWV94Nbxk4NJ43vN-1K463JNE6U4lpKpEzR3-r0gMVAimrUcCxDV8u5cTNzWvgcuzGoGTJC3uQuVf8uQ&amp;__tn__=-]K-y-R\">Federaci\u00f3n de Orientaci\u00f3n de Castilla La Mancha<\/a><a href=\"https:\/\/www.facebook.com\/Manzanares.O\/?__cft__[0]=AZXGmB72WwKn1KJFLO_C8R7rx29ZXNtTN608cjC05xM7S7PNYX8KNyBelWSOrtibWm68TY4rdSZmILBQJ9lfOiz4VRb8yIcWV94Nbxk4NJ43vN-1K463JNE6U4lpKpEzR3-r0gMVAimrUcCxDV8u5cTNzWvgcuzGoGTJC3uQuVf8uQ&amp;__tn__=kK-y-R\">.<\/a> Una \u00fanica jornada donde se realizaron dos competiciones, por la ma\u00f1ana distancia media y por la tarde, distancia sprint. Muy buenos resultados, destacando el primer puesto de Martin Villar en M12 (esta categor\u00eda no opta al campeonato de espa\u00f1a) y, sobre todo, el tercer puesto de Antonio Calomarde en M14 que le da el pase el Campeonato de Espa\u00f1a Escolar. Todav\u00eda no es oficial donde se realizar\u00e1 esta competici\u00f3n, pero todo apunta que ser\u00e1 en la comunidad aut\u00f3noma de Arag\u00f3n.<\/p>\n\n\n\n<figure class=\"wp-block-gallery columns-2 is-cropped wp-block-gallery-1 is-layout-flex wp-block-gallery-is-layout-flex\"><ul class=\"blocks-gallery-grid\"><li class=\"blocks-gallery-item\"><figure><img loading=\"lazy\" decoding=\"async\" width=\"1024\" height=\"1024\" src=\"https:\/\/bmtcasasdeves.com\/wp-content\/uploads\/2021\/06\/194886609_4054576774623597_1329883488131259110_n-1024x1024.jpeg\" alt=\"\" data-id=\"3849\" data-full-url=\"https:\/\/bmtcasasdeves.com\/wp-content\/uploads\/2021\/06\/194886609_4054576774623597_1329883488131259110_n.jpeg\" data-link=\"https:\/\/bmtcasasdeves.com\/index.php\/2021\/06\/03\/antonio-calomarde-clasificado-para-el-campeonato-de-espana-escolar\/194886609_4054576774623597_1329883488131259110_n\/\" class=\"wp-image-3849\" srcset=\"https:\/\/bmtcasasdeves.com\/wp-content\/uploads\/2021\/06\/194886609_4054576774623597_1329883488131259110_n-1024x1024.jpeg 1024w, https:\/\/bmtcasasdeves.com\/wp-content\/uploads\/2021\/06\/194886609_4054576774623597_1329883488131259110_n-300x300.jpeg 300w, https:\/\/bmtcasasdeves.com\/wp-content\/uploads\/2021\/06\/194886609_4054576774623597_1329883488131259110_n-150x150.jpeg 150w, https:\/\/bmtcasasdeves.com\/wp-content\/uploads\/2021\/06\/194886609_4054576774623597_1329883488131259110_n-768x768.jpeg 768w, https:\/\/bmtcasasdeves.com\/wp-content\/uploads\/2021\/06\/194886609_4054576774623597_1329883488131259110_n-600x600.jpeg 600w, https:\/\/bmtcasasdeves.com\/wp-content\/uploads\/2021\/06\/194886609_4054576774623597_1329883488131259110_n-100x100.jpeg 100w, https:\/\/bmtcasasdeves.com\/wp-content\/uploads\/2021\/06\/194886609_4054576774623597_1329883488131259110_n-60x60.jpeg 60w, https:\/\/bmtcasasdeves.com\/wp-content\/uploads\/2021\/06\/194886609_4054576774623597_1329883488131259110_n-90x90.jpeg 90w, https:\/\/bmtcasasdeves.com\/wp-content\/uploads\/2021\/06\/194886609_4054576774623597_1329883488131259110_n.jpeg 1440w\" sizes=\"auto, (max-width: 1024px) 100vw, 1024px\" \/><\/figure><\/li><li class=\"blocks-gallery-item\"><figure><img loading=\"lazy\" decoding=\"async\" width=\"1024\" height=\"683\" src=\"https:\/\/bmtcasasdeves.com\/wp-content\/uploads\/2021\/06\/IMG_9945-1-1024x683.jpg\" alt=\"\" data-id=\"3850\" data-full-url=\"https:\/\/bmtcasasdeves.com\/wp-content\/uploads\/2021\/06\/IMG_9945-1-scaled.jpg\" data-link=\"https:\/\/bmtcasasdeves.com\/index.php\/2021\/06\/03\/antonio-calomarde-clasificado-para-el-campeonato-de-espana-escolar\/img_9945-1\/\" class=\"wp-image-3850\" srcset=\"https:\/\/bmtcasasdeves.com\/wp-content\/uploads\/2021\/06\/IMG_9945-1-1024x683.jpg 1024w, https:\/\/bmtcasasdeves.com\/wp-content\/uploads\/2021\/06\/IMG_9945-1-300x200.jpg 300w, https:\/\/bmtcasasdeves.com\/wp-content\/uploads\/2021\/06\/IMG_9945-1-768x512.jpg 768w, https:\/\/bmtcasasdeves.com\/wp-content\/uploads\/2021\/06\/IMG_9945-1-1536x1024.jpg 1536w, https:\/\/bmtcasasdeves.com\/wp-content\/uploads\/2021\/06\/IMG_9945-1-2048x1365.jpg 2048w, https:\/\/bmtcasasdeves.com\/wp-content\/uploads\/2021\/06\/IMG_9945-1-600x400.jpg 600w, https:\/\/bmtcasasdeves.com\/wp-content\/uploads\/2021\/06\/IMG_9945-1-90x60.jpg 90w, https:\/\/bmtcasasdeves.com\/wp-content\/uploads\/2021\/06\/IMG_9945-1-135x90.jpg 135w\" sizes=\"auto, (max-width: 1024px) 100vw, 1024px\" \/><\/figure><\/li><\/ul><\/figure>\n\n\n\n<p><\/p>\n\n\n\n<p>Muy relevante la plata de Ines Arjona y bronce de Esther Arjona en F18, que podr\u00edan ir tambi\u00e9n al CESA dependiendo de la convocatoria que haga el CSD. Buen papel tambi\u00e9n de los escolares Cristina Escribano y Hugo Murcia que, aunque no consiguieran la clasificaci\u00f3n, realizaron muy buenas carreras<\/p>\n\n\n\n<figure class=\"wp-block-image size-large\"><img loading=\"lazy\" decoding=\"async\" width=\"683\" height=\"1024\" src=\"https:\/\/bmtcasasdeves.com\/wp-content\/uploads\/2021\/06\/IMG_0580-683x1024.jpg\" alt=\"\" class=\"wp-image-3839\" srcset=\"https:\/\/bmtcasasdeves.com\/wp-content\/uploads\/2021\/06\/IMG_0580-683x1024.jpg 683w, https:\/\/bmtcasasdeves.com\/wp-content\/uploads\/2021\/06\/IMG_0580-200x300.jpg 200w, https:\/\/bmtcasasdeves.com\/wp-content\/uploads\/2021\/06\/IMG_0580-768x1152.jpg 768w, https:\/\/bmtcasasdeves.com\/wp-content\/uploads\/2021\/06\/IMG_0580-1024x1536.jpg 1024w, https:\/\/bmtcasasdeves.com\/wp-content\/uploads\/2021\/06\/IMG_0580-1365x2048.jpg 1365w, https:\/\/bmtcasasdeves.com\/wp-content\/uploads\/2021\/06\/IMG_0580-600x900.jpg 600w, https:\/\/bmtcasasdeves.com\/wp-content\/uploads\/2021\/06\/IMG_0580-40x60.jpg 40w, https:\/\/bmtcasasdeves.com\/wp-content\/uploads\/2021\/06\/IMG_0580-60x90.jpg 60w, https:\/\/bmtcasasdeves.com\/wp-content\/uploads\/2021\/06\/IMG_0580-scaled.jpg 1707w\" sizes=\"auto, (max-width: 683px) 100vw, 683px\" \/><\/figure>\n\n\n\n<p><\/p>\n\n\n\n<p>Hasta La Rioja se desplazaron <a href=\"https:\/\/www.facebook.com\/rami.munoz.10?__cft__[0]=AZXGmB72WwKn1KJFLO_C8R7rx29ZXNtTN608cjC05xM7S7PNYX8KNyBelWSOrtibWm68TY4rdSZmILBQJ9lfOiz4VRb8yIcWV94Nbxk4NJ43vN-1K463JNE6U4lpKpEzR3-r0gMVAimrUcCxDV8u5cTNzWvgcuzGoGTJC3uQuVf8uQ&amp;__tn__=-]K-y-R\">Rami Mu\u00f1oz<\/a> y Loles Mu\u00f1oz para disfrutar del Rogaine Sierra Cebollera celebrado en La Rioja, organizado por <a href=\"https:\/\/www.facebook.com\/CDRiOjAO\/?__cft__[0]=AZXGmB72WwKn1KJFLO_C8R7rx29ZXNtTN608cjC05xM7S7PNYX8KNyBelWSOrtibWm68TY4rdSZmILBQJ9lfOiz4VRb8yIcWV94Nbxk4NJ43vN-1K463JNE6U4lpKpEzR3-r0gMVAimrUcCxDV8u5cTNzWvgcuzGoGTJC3uQuVf8uQ&amp;__tn__=kK-y-R\">C.D. Rioja Alta Orientaci\u00f3n<\/a> en una prueba de 7 horas donde el objetivo es visitar el mayor n\u00famero de controles.<\/p>\n\n\n\n<figure class=\"wp-block-gallery columns-2 is-cropped wp-block-gallery-2 is-layout-flex wp-block-gallery-is-layout-flex\"><ul class=\"blocks-gallery-grid\"><li class=\"blocks-gallery-item\"><figure><img loading=\"lazy\" decoding=\"async\" width=\"1024\" height=\"1024\" src=\"https:\/\/bmtcasasdeves.com\/wp-content\/uploads\/2021\/06\/193949077_4054576784623596_877904894633121857_n-1024x1024.jpeg\" alt=\"\" data-id=\"3840\" data-full-url=\"https:\/\/bmtcasasdeves.com\/wp-content\/uploads\/2021\/06\/193949077_4054576784623596_877904894633121857_n.jpeg\" data-link=\"https:\/\/bmtcasasdeves.com\/?attachment_id=3840\" class=\"wp-image-3840\" srcset=\"https:\/\/bmtcasasdeves.com\/wp-content\/uploads\/2021\/06\/193949077_4054576784623596_877904894633121857_n-1024x1024.jpeg 1024w, https:\/\/bmtcasasdeves.com\/wp-content\/uploads\/2021\/06\/193949077_4054576784623596_877904894633121857_n-300x300.jpeg 300w, https:\/\/bmtcasasdeves.com\/wp-content\/uploads\/2021\/06\/193949077_4054576784623596_877904894633121857_n-150x150.jpeg 150w, https:\/\/bmtcasasdeves.com\/wp-content\/uploads\/2021\/06\/193949077_4054576784623596_877904894633121857_n-768x768.jpeg 768w, https:\/\/bmtcasasdeves.com\/wp-content\/uploads\/2021\/06\/193949077_4054576784623596_877904894633121857_n-600x600.jpeg 600w, https:\/\/bmtcasasdeves.com\/wp-content\/uploads\/2021\/06\/193949077_4054576784623596_877904894633121857_n-100x100.jpeg 100w, https:\/\/bmtcasasdeves.com\/wp-content\/uploads\/2021\/06\/193949077_4054576784623596_877904894633121857_n-60x60.jpeg 60w, https:\/\/bmtcasasdeves.com\/wp-content\/uploads\/2021\/06\/193949077_4054576784623596_877904894633121857_n-90x90.jpeg 90w, https:\/\/bmtcasasdeves.com\/wp-content\/uploads\/2021\/06\/193949077_4054576784623596_877904894633121857_n.jpeg 1440w\" sizes=\"auto, (max-width: 1024px) 100vw, 1024px\" \/><\/figure><\/li><li class=\"blocks-gallery-item\"><figure><img loading=\"lazy\" decoding=\"async\" width=\"1024\" height=\"1024\" src=\"https:\/\/bmtcasasdeves.com\/wp-content\/uploads\/2021\/06\/195177329_4054576781290263_7840087550633603603_n-1024x1024.jpeg\" alt=\"\" data-id=\"3841\" data-full-url=\"https:\/\/bmtcasasdeves.com\/wp-content\/uploads\/2021\/06\/195177329_4054576781290263_7840087550633603603_n.jpeg\" data-link=\"https:\/\/bmtcasasdeves.com\/?attachment_id=3841\" class=\"wp-image-3841\" srcset=\"https:\/\/bmtcasasdeves.com\/wp-content\/uploads\/2021\/06\/195177329_4054576781290263_7840087550633603603_n-1024x1024.jpeg 1024w, https:\/\/bmtcasasdeves.com\/wp-content\/uploads\/2021\/06\/195177329_4054576781290263_7840087550633603603_n-300x300.jpeg 300w, https:\/\/bmtcasasdeves.com\/wp-content\/uploads\/2021\/06\/195177329_4054576781290263_7840087550633603603_n-150x150.jpeg 150w, https:\/\/bmtcasasdeves.com\/wp-content\/uploads\/2021\/06\/195177329_4054576781290263_7840087550633603603_n-768x767.jpeg 768w, https:\/\/bmtcasasdeves.com\/wp-content\/uploads\/2021\/06\/195177329_4054576781290263_7840087550633603603_n-600x599.jpeg 600w, https:\/\/bmtcasasdeves.com\/wp-content\/uploads\/2021\/06\/195177329_4054576781290263_7840087550633603603_n-100x100.jpeg 100w, https:\/\/bmtcasasdeves.com\/wp-content\/uploads\/2021\/06\/195177329_4054576781290263_7840087550633603603_n-60x60.jpeg 60w, https:\/\/bmtcasasdeves.com\/wp-content\/uploads\/2021\/06\/195177329_4054576781290263_7840087550633603603_n-90x90.jpeg 90w, https:\/\/bmtcasasdeves.com\/wp-content\/uploads\/2021\/06\/195177329_4054576781290263_7840087550633603603_n.jpeg 1440w\" sizes=\"auto, (max-width: 1024px) 100vw, 1024px\" \/><\/figure><\/li><\/ul><\/figure>\n\n\n\n<p><\/p>\n\n\n\n<p>En Covaleda (Soria), se realizaron pruebas de selecci\u00f3n para el mundial absoluto y europeo juvenil, donde asistieron <a href=\"https:\/\/www.facebook.com\/ana.defezcernicharo?__cft__[0]=AZXGmB72WwKn1KJFLO_C8R7rx29ZXNtTN608cjC05xM7S7PNYX8KNyBelWSOrtibWm68TY4rdSZmILBQJ9lfOiz4VRb8yIcWV94Nbxk4NJ43vN-1K463JNE6U4lpKpEzR3-r0gMVAimrUcCxDV8u5cTNzWvgcuzGoGTJC3uQuVf8uQ&amp;__tn__=-]K-y-R\">Ana Defez Cernicharo<\/a> e Ivan Martinez <\/p>\n\n\n\n<div class=\"wp-block-image\"><figure class=\"aligncenter size-large is-resized\"><img loading=\"lazy\" decoding=\"async\" src=\"https:\/\/bmtcasasdeves.com\/wp-content\/uploads\/2021\/06\/195078967_4054576787956929_8312590919411233867_n-1024x1024.jpeg\" alt=\"\" class=\"wp-image-3842\" width=\"768\" height=\"768\" srcset=\"https:\/\/bmtcasasdeves.com\/wp-content\/uploads\/2021\/06\/195078967_4054576787956929_8312590919411233867_n-1024x1024.jpeg 1024w, https:\/\/bmtcasasdeves.com\/wp-content\/uploads\/2021\/06\/195078967_4054576787956929_8312590919411233867_n-300x300.jpeg 300w, https:\/\/bmtcasasdeves.com\/wp-content\/uploads\/2021\/06\/195078967_4054576787956929_8312590919411233867_n-150x150.jpeg 150w, https:\/\/bmtcasasdeves.com\/wp-content\/uploads\/2021\/06\/195078967_4054576787956929_8312590919411233867_n-768x768.jpeg 768w, https:\/\/bmtcasasdeves.com\/wp-content\/uploads\/2021\/06\/195078967_4054576787956929_8312590919411233867_n-600x600.jpeg 600w, https:\/\/bmtcasasdeves.com\/wp-content\/uploads\/2021\/06\/195078967_4054576787956929_8312590919411233867_n-100x100.jpeg 100w, https:\/\/bmtcasasdeves.com\/wp-content\/uploads\/2021\/06\/195078967_4054576787956929_8312590919411233867_n-60x60.jpeg 60w, https:\/\/bmtcasasdeves.com\/wp-content\/uploads\/2021\/06\/195078967_4054576787956929_8312590919411233867_n-90x90.jpeg 90w, https:\/\/bmtcasasdeves.com\/wp-content\/uploads\/2021\/06\/195078967_4054576787956929_8312590919411233867_n.jpeg 1440w\" sizes=\"auto, (max-width: 768px) 100vw, 768px\" \/><\/figure><\/div>\n\n\n\n<p><\/p>\n\n\n\n<p>Y el s\u00e1bado, organizamos una Media Marat\u00f3n Bemetera en Casas de Ves por y para los socios del <a href=\"https:\/\/www.facebook.com\/bmtcasasdeves\/?__cft__[0]=AZXGmB72WwKn1KJFLO_C8R7rx29ZXNtTN608cjC05xM7S7PNYX8KNyBelWSOrtibWm68TY4rdSZmILBQJ9lfOiz4VRb8yIcWV94Nbxk4NJ43vN-1K463JNE6U4lpKpEzR3-r0gMVAimrUcCxDV8u5cTNzWvgcuzGoGTJC3uQuVf8uQ&amp;__tn__=kK-y-R\">BMT Casas de Ves<\/a> donde pusimos nuestro granito de arena para <a href=\"https:\/\/www.facebook.com\/acepainalbacete\/?__cft__[0]=AZXGmB72WwKn1KJFLO_C8R7rx29ZXNtTN608cjC05xM7S7PNYX8KNyBelWSOrtibWm68TY4rdSZmILBQJ9lfOiz4VRb8yIcWV94Nbxk4NJ43vN-1K463JNE6U4lpKpEzR3-r0gMVAimrUcCxDV8u5cTNzWvgcuzGoGTJC3uQuVf8uQ&amp;__tn__=kK-y-R\">Acepain Albacete<\/a><\/p>\n\n\n\n<figure class=\"wp-block-image size-large is-resized\"><img loading=\"lazy\" decoding=\"async\" src=\"https:\/\/bmtcasasdeves.com\/wp-content\/uploads\/2021\/06\/195213697_4054576777956930_27660565596743861_n-1024x1024.jpeg\" alt=\"\" class=\"wp-image-3843\" width=\"768\" height=\"768\" srcset=\"https:\/\/bmtcasasdeves.com\/wp-content\/uploads\/2021\/06\/195213697_4054576777956930_27660565596743861_n-1024x1024.jpeg 1024w, https:\/\/bmtcasasdeves.com\/wp-content\/uploads\/2021\/06\/195213697_4054576777956930_27660565596743861_n-300x300.jpeg 300w, https:\/\/bmtcasasdeves.com\/wp-content\/uploads\/2021\/06\/195213697_4054576777956930_27660565596743861_n-150x150.jpeg 150w, https:\/\/bmtcasasdeves.com\/wp-content\/uploads\/2021\/06\/195213697_4054576777956930_27660565596743861_n-768x768.jpeg 768w, https:\/\/bmtcasasdeves.com\/wp-content\/uploads\/2021\/06\/195213697_4054576777956930_27660565596743861_n-600x600.jpeg 600w, https:\/\/bmtcasasdeves.com\/wp-content\/uploads\/2021\/06\/195213697_4054576777956930_27660565596743861_n-100x100.jpeg 100w, https:\/\/bmtcasasdeves.com\/wp-content\/uploads\/2021\/06\/195213697_4054576777956930_27660565596743861_n-60x60.jpeg 60w, https:\/\/bmtcasasdeves.com\/wp-content\/uploads\/2021\/06\/195213697_4054576777956930_27660565596743861_n-90x90.jpeg 90w, https:\/\/bmtcasasdeves.com\/wp-content\/uploads\/2021\/06\/195213697_4054576777956930_27660565596743861_n.jpeg 1440w\" sizes=\"auto, (max-width: 768px) 100vw, 768px\" \/><\/figure>\n\n\n\n<p><\/p>\n","protected":false},"excerpt":{"rendered":"<p>Menudo movimiento bemetero hemos tenido este finde semana. Hasta cuatro actividades diferentes!! En primer lugar se daba lugar el Campeonato Regional Escolar de Orientacion, celebrado en Ciudad Real por Federaci\u00f3n de Orientaci\u00f3n de Castilla La Mancha. Una \u00fanica jornada donde se realizaron dos competiciones, por la ma\u00f1ana distancia media y por la tarde, distancia sprint. [&hellip;]<\/p>\n","protected":false},"author":1,"featured_media":3837,"comment_status":"open","ping_status":"open","sticky":false,"template":"","format":"standard","meta":{"jetpack_post_was_ever_published":false,"_jetpack_newsletter_access":"","_jetpack_dont_email_post_to_subs":false,"_jetpack_newsletter_tier_id":0,"_jetpack_memberships_contains_paywalled_content":false,"_jetpack_memberships_contains_paid_content":false,"footnotes":""},"categories":[27],"tags":[],"class_list":["post-3836","post","type-post","status-publish","format-standard","has-post-thumbnail","hentry","category-orientacion"],"yoast_head":"<!-- This site is optimized with the Yoast SEO plugin v27.5 - https:\/\/yoast.com\/product\/yoast-seo-wordpress\/ -->\n<title>Antonio Calomarde, clasificado para el Campeonato de Espa\u00f1a Escolar - BMT Casas de Ves<\/title>\n<meta name=\"robots\" content=\"index, follow, max-snippet:-1, max-image-preview:large, max-video-preview:-1\" \/>\n<link rel=\"canonical\" href=\"https:\/\/bmtcasasdeves.com\/index.php\/2021\/06\/03\/antonio-calomarde-clasificado-para-el-campeonato-de-espana-escolar\/\" \/>\n<meta property=\"og:locale\" content=\"es_ES\" \/>\n<meta property=\"og:type\" content=\"article\" \/>\n<meta property=\"og:title\" content=\"Antonio Calomarde, clasificado para el Campeonato de Espa\u00f1a Escolar - BMT Casas de Ves\" \/>\n<meta property=\"og:description\" content=\"Menudo movimiento bemetero hemos tenido este finde semana. Hasta cuatro actividades diferentes!! En primer lugar se daba lugar el Campeonato Regional Escolar de Orientacion, celebrado en Ciudad Real por Federaci\u00f3n de Orientaci\u00f3n de Castilla La Mancha. Una \u00fanica jornada donde se realizaron dos competiciones, por la ma\u00f1ana distancia media y por la tarde, distancia sprint. [&hellip;]\" \/>\n<meta property=\"og:url\" content=\"https:\/\/bmtcasasdeves.com\/index.php\/2021\/06\/03\/antonio-calomarde-clasificado-para-el-campeonato-de-espana-escolar\/\" \/>\n<meta property=\"og:site_name\" content=\"BMT Casas de Ves\" \/>\n<meta property=\"article:published_time\" content=\"2021-06-03T09:29:02+00:00\" \/>\n<meta property=\"article:modified_time\" content=\"2021-06-10T10:57:43+00:00\" \/>\n<meta property=\"og:image\" content=\"https:\/\/bmtcasasdeves.com\/wp-content\/uploads\/2021\/06\/Captura-de-pantalla-2021-06-03-a-las-11.21.25-1024x404.png\" \/>\n\t<meta property=\"og:image:width\" content=\"1024\" \/>\n\t<meta property=\"og:image:height\" content=\"404\" \/>\n\t<meta property=\"og:image:type\" content=\"image\/png\" \/>\n<meta name=\"author\" content=\"admin\" \/>\n<meta name=\"twitter:card\" content=\"summary_large_image\" \/>\n<meta name=\"twitter:label1\" content=\"Escrito por\" \/>\n\t<meta name=\"twitter:data1\" content=\"admin\" \/>\n\t<meta name=\"twitter:label2\" content=\"Tiempo de lectura\" \/>\n\t<meta name=\"twitter:data2\" content=\"3 minutos\" \/>\n<script type=\"application\/ld+json\" class=\"yoast-schema-graph\">{\"@context\":\"https:\\\/\\\/schema.org\",\"@graph\":[{\"@type\":\"Article\",\"@id\":\"https:\\\/\\\/bmtcasasdeves.com\\\/index.php\\\/2021\\\/06\\\/03\\\/antonio-calomarde-clasificado-para-el-campeonato-de-espana-escolar\\\/#article\",\"isPartOf\":{\"@id\":\"https:\\\/\\\/bmtcasasdeves.com\\\/index.php\\\/2021\\\/06\\\/03\\\/antonio-calomarde-clasificado-para-el-campeonato-de-espana-escolar\\\/\"},\"author\":{\"name\":\"admin\",\"@id\":\"https:\\\/\\\/bmtcasasdeves.com\\\/#\\\/schema\\\/person\\\/0a74d99220d05e344176d35f8cd0d687\"},\"headline\":\"Antonio Calomarde, clasificado para el Campeonato de Espa\u00f1a Escolar\",\"datePublished\":\"2021-06-03T09:29:02+00:00\",\"dateModified\":\"2021-06-10T10:57:43+00:00\",\"mainEntityOfPage\":{\"@id\":\"https:\\\/\\\/bmtcasasdeves.com\\\/index.php\\\/2021\\\/06\\\/03\\\/antonio-calomarde-clasificado-para-el-campeonato-de-espana-escolar\\\/\"},\"wordCount\":292,\"commentCount\":0,\"publisher\":{\"@id\":\"https:\\\/\\\/bmtcasasdeves.com\\\/#organization\"},\"image\":{\"@id\":\"https:\\\/\\\/bmtcasasdeves.com\\\/index.php\\\/2021\\\/06\\\/03\\\/antonio-calomarde-clasificado-para-el-campeonato-de-espana-escolar\\\/#primaryimage\"},\"thumbnailUrl\":\"https:\\\/\\\/bmtcasasdeves.com\\\/wp-content\\\/uploads\\\/2021\\\/06\\\/Captura-de-pantalla-2021-06-03-a-las-11.21.25.png\",\"articleSection\":[\"Orientaci\u00f3n\"],\"inLanguage\":\"es\",\"potentialAction\":[{\"@type\":\"CommentAction\",\"name\":\"Comment\",\"target\":[\"https:\\\/\\\/bmtcasasdeves.com\\\/index.php\\\/2021\\\/06\\\/03\\\/antonio-calomarde-clasificado-para-el-campeonato-de-espana-escolar\\\/#respond\"]}]},{\"@type\":\"WebPage\",\"@id\":\"https:\\\/\\\/bmtcasasdeves.com\\\/index.php\\\/2021\\\/06\\\/03\\\/antonio-calomarde-clasificado-para-el-campeonato-de-espana-escolar\\\/\",\"url\":\"https:\\\/\\\/bmtcasasdeves.com\\\/index.php\\\/2021\\\/06\\\/03\\\/antonio-calomarde-clasificado-para-el-campeonato-de-espana-escolar\\\/\",\"name\":\"Antonio Calomarde, clasificado para el Campeonato de Espa\u00f1a Escolar - BMT Casas de Ves\",\"isPartOf\":{\"@id\":\"https:\\\/\\\/bmtcasasdeves.com\\\/#website\"},\"primaryImageOfPage\":{\"@id\":\"https:\\\/\\\/bmtcasasdeves.com\\\/index.php\\\/2021\\\/06\\\/03\\\/antonio-calomarde-clasificado-para-el-campeonato-de-espana-escolar\\\/#primaryimage\"},\"image\":{\"@id\":\"https:\\\/\\\/bmtcasasdeves.com\\\/index.php\\\/2021\\\/06\\\/03\\\/antonio-calomarde-clasificado-para-el-campeonato-de-espana-escolar\\\/#primaryimage\"},\"thumbnailUrl\":\"https:\\\/\\\/bmtcasasdeves.com\\\/wp-content\\\/uploads\\\/2021\\\/06\\\/Captura-de-pantalla-2021-06-03-a-las-11.21.25.png\",\"datePublished\":\"2021-06-03T09:29:02+00:00\",\"dateModified\":\"2021-06-10T10:57:43+00:00\",\"breadcrumb\":{\"@id\":\"https:\\\/\\\/bmtcasasdeves.com\\\/index.php\\\/2021\\\/06\\\/03\\\/antonio-calomarde-clasificado-para-el-campeonato-de-espana-escolar\\\/#breadcrumb\"},\"inLanguage\":\"es\",\"potentialAction\":[{\"@type\":\"ReadAction\",\"target\":[\"https:\\\/\\\/bmtcasasdeves.com\\\/index.php\\\/2021\\\/06\\\/03\\\/antonio-calomarde-clasificado-para-el-campeonato-de-espana-escolar\\\/\"]}]},{\"@type\":\"ImageObject\",\"inLanguage\":\"es\",\"@id\":\"https:\\\/\\\/bmtcasasdeves.com\\\/index.php\\\/2021\\\/06\\\/03\\\/antonio-calomarde-clasificado-para-el-campeonato-de-espana-escolar\\\/#primaryimage\",\"url\":\"https:\\\/\\\/bmtcasasdeves.com\\\/wp-content\\\/uploads\\\/2021\\\/06\\\/Captura-de-pantalla-2021-06-03-a-las-11.21.25.png\",\"contentUrl\":\"https:\\\/\\\/bmtcasasdeves.com\\\/wp-content\\\/uploads\\\/2021\\\/06\\\/Captura-de-pantalla-2021-06-03-a-las-11.21.25.png\",\"width\":2350,\"height\":928},{\"@type\":\"BreadcrumbList\",\"@id\":\"https:\\\/\\\/bmtcasasdeves.com\\\/index.php\\\/2021\\\/06\\\/03\\\/antonio-calomarde-clasificado-para-el-campeonato-de-espana-escolar\\\/#breadcrumb\",\"itemListElement\":[{\"@type\":\"ListItem\",\"position\":1,\"name\":\"Portada\",\"item\":\"https:\\\/\\\/bmtcasasdeves.com\\\/\"},{\"@type\":\"ListItem\",\"position\":2,\"name\":\"Antonio Calomarde, clasificado para el Campeonato de Espa\u00f1a Escolar\"}]},{\"@type\":\"WebSite\",\"@id\":\"https:\\\/\\\/bmtcasasdeves.com\\\/#website\",\"url\":\"https:\\\/\\\/bmtcasasdeves.com\\\/\",\"name\":\"BMT Casas de Ves\",\"description\":\"Club atletismo-orientaci\u00f3n-ciclismo de Casas de Ves\",\"publisher\":{\"@id\":\"https:\\\/\\\/bmtcasasdeves.com\\\/#organization\"},\"potentialAction\":[{\"@type\":\"SearchAction\",\"target\":{\"@type\":\"EntryPoint\",\"urlTemplate\":\"https:\\\/\\\/bmtcasasdeves.com\\\/?s={search_term_string}\"},\"query-input\":{\"@type\":\"PropertyValueSpecification\",\"valueRequired\":true,\"valueName\":\"search_term_string\"}}],\"inLanguage\":\"es\"},{\"@type\":\"Organization\",\"@id\":\"https:\\\/\\\/bmtcasasdeves.com\\\/#organization\",\"name\":\"BMT Casas de Ves\",\"url\":\"https:\\\/\\\/bmtcasasdeves.com\\\/\",\"logo\":{\"@type\":\"ImageObject\",\"inLanguage\":\"es\",\"@id\":\"https:\\\/\\\/bmtcasasdeves.com\\\/#\\\/schema\\\/logo\\\/image\\\/\",\"url\":\"https:\\\/\\\/bmtcasasdeves.com\\\/wp-content\\\/uploads\\\/2021\\\/02\\\/cropped-Banner-Web-01-2-scaled-1.jpg\",\"contentUrl\":\"https:\\\/\\\/bmtcasasdeves.com\\\/wp-content\\\/uploads\\\/2021\\\/02\\\/cropped-Banner-Web-01-2-scaled-1.jpg\",\"width\":2000,\"height\":1200,\"caption\":\"BMT Casas de Ves\"},\"image\":{\"@id\":\"https:\\\/\\\/bmtcasasdeves.com\\\/#\\\/schema\\\/logo\\\/image\\\/\"}},{\"@type\":\"Person\",\"@id\":\"https:\\\/\\\/bmtcasasdeves.com\\\/#\\\/schema\\\/person\\\/0a74d99220d05e344176d35f8cd0d687\",\"name\":\"admin\",\"image\":{\"@type\":\"ImageObject\",\"inLanguage\":\"es\",\"@id\":\"https:\\\/\\\/secure.gravatar.com\\\/avatar\\\/9c3dcf6fe048cbaa73c09c26c4bb2cb6d3cbbb19600a61fdcfeeee501775162f?s=96&d=mm&r=g\",\"url\":\"https:\\\/\\\/secure.gravatar.com\\\/avatar\\\/9c3dcf6fe048cbaa73c09c26c4bb2cb6d3cbbb19600a61fdcfeeee501775162f?s=96&d=mm&r=g\",\"contentUrl\":\"https:\\\/\\\/secure.gravatar.com\\\/avatar\\\/9c3dcf6fe048cbaa73c09c26c4bb2cb6d3cbbb19600a61fdcfeeee501775162f?s=96&d=mm&r=g\",\"caption\":\"admin\"},\"sameAs\":[\"https:\\\/\\\/bmtcasasdeves.com\"],\"url\":\"https:\\\/\\\/bmtcasasdeves.com\\\/index.php\\\/author\\\/adminbmt\\\/\"}]}<\/script>\n<!-- \/ Yoast SEO plugin. -->","yoast_head_json":{"title":"Antonio Calomarde, clasificado para el Campeonato de Espa\u00f1a Escolar - BMT Casas de Ves","robots":{"index":"index","follow":"follow","max-snippet":"max-snippet:-1","max-image-preview":"max-image-preview:large","max-video-preview":"max-video-preview:-1"},"canonical":"https:\/\/bmtcasasdeves.com\/index.php\/2021\/06\/03\/antonio-calomarde-clasificado-para-el-campeonato-de-espana-escolar\/","og_locale":"es_ES","og_type":"article","og_title":"Antonio Calomarde, clasificado para el Campeonato de Espa\u00f1a Escolar - BMT Casas de Ves","og_description":"Menudo movimiento bemetero hemos tenido este finde semana. Hasta cuatro actividades diferentes!! En primer lugar se daba lugar el Campeonato Regional Escolar de Orientacion, celebrado en Ciudad Real por Federaci\u00f3n de Orientaci\u00f3n de Castilla La Mancha. Una \u00fanica jornada donde se realizaron dos competiciones, por la ma\u00f1ana distancia media y por la tarde, distancia sprint. [&hellip;]","og_url":"https:\/\/bmtcasasdeves.com\/index.php\/2021\/06\/03\/antonio-calomarde-clasificado-para-el-campeonato-de-espana-escolar\/","og_site_name":"BMT Casas de Ves","article_published_time":"2021-06-03T09:29:02+00:00","article_modified_time":"2021-06-10T10:57:43+00:00","og_image":[{"width":1024,"height":404,"url":"https:\/\/bmtcasasdeves.com\/wp-content\/uploads\/2021\/06\/Captura-de-pantalla-2021-06-03-a-las-11.21.25-1024x404.png","type":"image\/png"}],"author":"admin","twitter_card":"summary_large_image","twitter_misc":{"Escrito por":"admin","Tiempo de lectura":"3 minutos"},"schema":{"@context":"https:\/\/schema.org","@graph":[{"@type":"Article","@id":"https:\/\/bmtcasasdeves.com\/index.php\/2021\/06\/03\/antonio-calomarde-clasificado-para-el-campeonato-de-espana-escolar\/#article","isPartOf":{"@id":"https:\/\/bmtcasasdeves.com\/index.php\/2021\/06\/03\/antonio-calomarde-clasificado-para-el-campeonato-de-espana-escolar\/"},"author":{"name":"admin","@id":"https:\/\/bmtcasasdeves.com\/#\/schema\/person\/0a74d99220d05e344176d35f8cd0d687"},"headline":"Antonio Calomarde, clasificado para el Campeonato de Espa\u00f1a Escolar","datePublished":"2021-06-03T09:29:02+00:00","dateModified":"2021-06-10T10:57:43+00:00","mainEntityOfPage":{"@id":"https:\/\/bmtcasasdeves.com\/index.php\/2021\/06\/03\/antonio-calomarde-clasificado-para-el-campeonato-de-espana-escolar\/"},"wordCount":292,"commentCount":0,"publisher":{"@id":"https:\/\/bmtcasasdeves.com\/#organization"},"image":{"@id":"https:\/\/bmtcasasdeves.com\/index.php\/2021\/06\/03\/antonio-calomarde-clasificado-para-el-campeonato-de-espana-escolar\/#primaryimage"},"thumbnailUrl":"https:\/\/bmtcasasdeves.com\/wp-content\/uploads\/2021\/06\/Captura-de-pantalla-2021-06-03-a-las-11.21.25.png","articleSection":["Orientaci\u00f3n"],"inLanguage":"es","potentialAction":[{"@type":"CommentAction","name":"Comment","target":["https:\/\/bmtcasasdeves.com\/index.php\/2021\/06\/03\/antonio-calomarde-clasificado-para-el-campeonato-de-espana-escolar\/#respond"]}]},{"@type":"WebPage","@id":"https:\/\/bmtcasasdeves.com\/index.php\/2021\/06\/03\/antonio-calomarde-clasificado-para-el-campeonato-de-espana-escolar\/","url":"https:\/\/bmtcasasdeves.com\/index.php\/2021\/06\/03\/antonio-calomarde-clasificado-para-el-campeonato-de-espana-escolar\/","name":"Antonio Calomarde, clasificado para el Campeonato de Espa\u00f1a Escolar - BMT Casas de Ves","isPartOf":{"@id":"https:\/\/bmtcasasdeves.com\/#website"},"primaryImageOfPage":{"@id":"https:\/\/bmtcasasdeves.com\/index.php\/2021\/06\/03\/antonio-calomarde-clasificado-para-el-campeonato-de-espana-escolar\/#primaryimage"},"image":{"@id":"https:\/\/bmtcasasdeves.com\/index.php\/2021\/06\/03\/antonio-calomarde-clasificado-para-el-campeonato-de-espana-escolar\/#primaryimage"},"thumbnailUrl":"https:\/\/bmtcasasdeves.com\/wp-content\/uploads\/2021\/06\/Captura-de-pantalla-2021-06-03-a-las-11.21.25.png","datePublished":"2021-06-03T09:29:02+00:00","dateModified":"2021-06-10T10:57:43+00:00","breadcrumb":{"@id":"https:\/\/bmtcasasdeves.com\/index.php\/2021\/06\/03\/antonio-calomarde-clasificado-para-el-campeonato-de-espana-escolar\/#breadcrumb"},"inLanguage":"es","potentialAction":[{"@type":"ReadAction","target":["https:\/\/bmtcasasdeves.com\/index.php\/2021\/06\/03\/antonio-calomarde-clasificado-para-el-campeonato-de-espana-escolar\/"]}]},{"@type":"ImageObject","inLanguage":"es","@id":"https:\/\/bmtcasasdeves.com\/index.php\/2021\/06\/03\/antonio-calomarde-clasificado-para-el-campeonato-de-espana-escolar\/#primaryimage","url":"https:\/\/bmtcasasdeves.com\/wp-content\/uploads\/2021\/06\/Captura-de-pantalla-2021-06-03-a-las-11.21.25.png","contentUrl":"https:\/\/bmtcasasdeves.com\/wp-content\/uploads\/2021\/06\/Captura-de-pantalla-2021-06-03-a-las-11.21.25.png","width":2350,"height":928},{"@type":"BreadcrumbList","@id":"https:\/\/bmtcasasdeves.com\/index.php\/2021\/06\/03\/antonio-calomarde-clasificado-para-el-campeonato-de-espana-escolar\/#breadcrumb","itemListElement":[{"@type":"ListItem","position":1,"name":"Portada","item":"https:\/\/bmtcasasdeves.com\/"},{"@type":"ListItem","position":2,"name":"Antonio Calomarde, clasificado para el Campeonato de Espa\u00f1a Escolar"}]},{"@type":"WebSite","@id":"https:\/\/bmtcasasdeves.com\/#website","url":"https:\/\/bmtcasasdeves.com\/","name":"BMT Casas de Ves","description":"Club atletismo-orientaci\u00f3n-ciclismo de Casas de Ves","publisher":{"@id":"https:\/\/bmtcasasdeves.com\/#organization"},"potentialAction":[{"@type":"SearchAction","target":{"@type":"EntryPoint","urlTemplate":"https:\/\/bmtcasasdeves.com\/?s={search_term_string}"},"query-input":{"@type":"PropertyValueSpecification","valueRequired":true,"valueName":"search_term_string"}}],"inLanguage":"es"},{"@type":"Organization","@id":"https:\/\/bmtcasasdeves.com\/#organization","name":"BMT Casas de Ves","url":"https:\/\/bmtcasasdeves.com\/","logo":{"@type":"ImageObject","inLanguage":"es","@id":"https:\/\/bmtcasasdeves.com\/#\/schema\/logo\/image\/","url":"https:\/\/bmtcasasdeves.com\/wp-content\/uploads\/2021\/02\/cropped-Banner-Web-01-2-scaled-1.jpg","contentUrl":"https:\/\/bmtcasasdeves.com\/wp-content\/uploads\/2021\/02\/cropped-Banner-Web-01-2-scaled-1.jpg","width":2000,"height":1200,"caption":"BMT Casas de Ves"},"image":{"@id":"https:\/\/bmtcasasdeves.com\/#\/schema\/logo\/image\/"}},{"@type":"Person","@id":"https:\/\/bmtcasasdeves.com\/#\/schema\/person\/0a74d99220d05e344176d35f8cd0d687","name":"admin","image":{"@type":"ImageObject","inLanguage":"es","@id":"https:\/\/secure.gravatar.com\/avatar\/9c3dcf6fe048cbaa73c09c26c4bb2cb6d3cbbb19600a61fdcfeeee501775162f?s=96&d=mm&r=g","url":"https:\/\/secure.gravatar.com\/avatar\/9c3dcf6fe048cbaa73c09c26c4bb2cb6d3cbbb19600a61fdcfeeee501775162f?s=96&d=mm&r=g","contentUrl":"https:\/\/secure.gravatar.com\/avatar\/9c3dcf6fe048cbaa73c09c26c4bb2cb6d3cbbb19600a61fdcfeeee501775162f?s=96&d=mm&r=g","caption":"admin"},"sameAs":["https:\/\/bmtcasasdeves.com"],"url":"https:\/\/bmtcasasdeves.com\/index.php\/author\/adminbmt\/"}]}},"views":12310,"jetpack_featured_media_url":"https:\/\/bmtcasasdeves.com\/wp-content\/uploads\/2021\/06\/Captura-de-pantalla-2021-06-03-a-las-11.21.25.png","jetpack_sharing_enabled":true,"_links":{"self":[{"href":"https:\/\/bmtcasasdeves.com\/index.php\/wp-json\/wp\/v2\/posts\/3836","targetHints":{"allow":["GET"]}}],"collection":[{"href":"https:\/\/bmtcasasdeves.com\/index.php\/wp-json\/wp\/v2\/posts"}],"about":[{"href":"https:\/\/bmtcasasdeves.com\/index.php\/wp-json\/wp\/v2\/types\/post"}],"author":[{"embeddable":true,"href":"https:\/\/bmtcasasdeves.com\/index.php\/wp-json\/wp\/v2\/users\/1"}],"replies":[{"embeddable":true,"href":"https:\/\/bmtcasasdeves.com\/index.php\/wp-json\/wp\/v2\/comments?post=3836"}],"version-history":[{"count":13,"href":"https:\/\/bmtcasasdeves.com\/index.php\/wp-json\/wp\/v2\/posts\/3836\/revisions"}],"predecessor-version":[{"id":3873,"href":"https:\/\/bmtcasasdeves.com\/index.php\/wp-json\/wp\/v2\/posts\/3836\/revisions\/3873"}],"wp:featuredmedia":[{"embeddable":true,"href":"https:\/\/bmtcasasdeves.com\/index.php\/wp-json\/wp\/v2\/media\/3837"}],"wp:attachment":[{"href":"https:\/\/bmtcasasdeves.com\/index.php\/wp-json\/wp\/v2\/media?parent=3836"}],"wp:term":[{"taxonomy":"category","embeddable":true,"href":"https:\/\/bmtcasasdeves.com\/index.php\/wp-json\/wp\/v2\/categories?post=3836"},{"taxonomy":"post_tag","embeddable":true,"href":"https:\/\/bmtcasasdeves.com\/index.php\/wp-json\/wp\/v2\/tags?post=3836"}],"curies":[{"name":"wp","href":"https:\/\/api.w.org\/{rel}","templated":true}]}}