{"id":3777,"date":"2021-05-24T16:16:51","date_gmt":"2021-05-24T16:16:51","guid":{"rendered":"https:\/\/bmtcasasdeves.com\/?p=3777"},"modified":"2021-05-24T16:16:52","modified_gmt":"2021-05-24T16:16:52","slug":"los-escolares-de-albacete-afinan-su-puesta-a-punto-para-el-regional-en-casas-de-ves","status":"publish","type":"post","link":"https:\/\/bmtcasasdeves.com\/index.php\/2021\/05\/24\/los-escolares-de-albacete-afinan-su-puesta-a-punto-para-el-regional-en-casas-de-ves\/","title":{"rendered":"Los escolares de Albacete afinan su puesta a punto para el regional en Casas de Ves"},"content":{"rendered":"\n<p>En un a\u00f1o con tantas incertidumbres, la orientaci\u00f3n no iba a ser menos. Y hasta hace muy poco tiempo no se ten\u00eda la certeza de poder tener la competici\u00f3n m\u00e1s esperada en nuestra regi\u00f3n para los escolares: El Campeonato Regional en Edad Escolar. Una vez que la junta public\u00f3 la resoluci\u00f3n, los campeonato provinciales se pusieron a moverse, y gracias a ello, Casas de Ves acogi\u00f3 una prueba del Campeonato Escolar de Albacete.<\/p>\n\n\n\n<figure class=\"wp-block-image size-large\"><img loading=\"lazy\" decoding=\"async\" width=\"1024\" height=\"768\" src=\"https:\/\/bmtcasasdeves.com\/wp-content\/uploads\/2021\/05\/WhatsApp-Image-2021-05-24-at-14.02.51-1-1024x768.jpeg\" alt=\"\" class=\"wp-image-3778\" srcset=\"https:\/\/bmtcasasdeves.com\/wp-content\/uploads\/2021\/05\/WhatsApp-Image-2021-05-24-at-14.02.51-1-1024x768.jpeg 1024w, https:\/\/bmtcasasdeves.com\/wp-content\/uploads\/2021\/05\/WhatsApp-Image-2021-05-24-at-14.02.51-1-300x225.jpeg 300w, https:\/\/bmtcasasdeves.com\/wp-content\/uploads\/2021\/05\/WhatsApp-Image-2021-05-24-at-14.02.51-1-768x576.jpeg 768w, https:\/\/bmtcasasdeves.com\/wp-content\/uploads\/2021\/05\/WhatsApp-Image-2021-05-24-at-14.02.51-1-1536x1153.jpeg 1536w, https:\/\/bmtcasasdeves.com\/wp-content\/uploads\/2021\/05\/WhatsApp-Image-2021-05-24-at-14.02.51-1-600x450.jpeg 600w, https:\/\/bmtcasasdeves.com\/wp-content\/uploads\/2021\/05\/WhatsApp-Image-2021-05-24-at-14.02.51-1-80x60.jpeg 80w, https:\/\/bmtcasasdeves.com\/wp-content\/uploads\/2021\/05\/WhatsApp-Image-2021-05-24-at-14.02.51-1-120x90.jpeg 120w, https:\/\/bmtcasasdeves.com\/wp-content\/uploads\/2021\/05\/WhatsApp-Image-2021-05-24-at-14.02.51-1.jpeg 1599w\" sizes=\"auto, (max-width: 1024px) 100vw, 1024px\" \/><\/figure>\n\n\n\n<p>El Ayuntamiento de Casas de Ves se ofreci\u00f3 a la organizaci\u00f3n de esta prueba desde el primer momento, fruto de la buena predisposici\u00f3n que siempre ha tenido a apostar por este deporte. Y as\u00ed fue como el 23 de Mayo Casas de Ves acog\u00eda la segunda prueba del campeonato escolar, despu\u00e9s de otra prueba en Villamalea.<\/p>\n\n\n\n<figure class=\"wp-block-image size-large\"><img loading=\"lazy\" decoding=\"async\" width=\"1024\" height=\"768\" src=\"https:\/\/bmtcasasdeves.com\/wp-content\/uploads\/2021\/05\/Carrera_LasBeatas_PilarMoyano-62-1024x768.jpg\" alt=\"\" class=\"wp-image-3779\" srcset=\"https:\/\/bmtcasasdeves.com\/wp-content\/uploads\/2021\/05\/Carrera_LasBeatas_PilarMoyano-62-1024x768.jpg 1024w, https:\/\/bmtcasasdeves.com\/wp-content\/uploads\/2021\/05\/Carrera_LasBeatas_PilarMoyano-62-300x225.jpg 300w, https:\/\/bmtcasasdeves.com\/wp-content\/uploads\/2021\/05\/Carrera_LasBeatas_PilarMoyano-62-768x576.jpg 768w, https:\/\/bmtcasasdeves.com\/wp-content\/uploads\/2021\/05\/Carrera_LasBeatas_PilarMoyano-62-1536x1152.jpg 1536w, https:\/\/bmtcasasdeves.com\/wp-content\/uploads\/2021\/05\/Carrera_LasBeatas_PilarMoyano-62-2048x1536.jpg 2048w, https:\/\/bmtcasasdeves.com\/wp-content\/uploads\/2021\/05\/Carrera_LasBeatas_PilarMoyano-62-600x450.jpg 600w, https:\/\/bmtcasasdeves.com\/wp-content\/uploads\/2021\/05\/Carrera_LasBeatas_PilarMoyano-62-80x60.jpg 80w, https:\/\/bmtcasasdeves.com\/wp-content\/uploads\/2021\/05\/Carrera_LasBeatas_PilarMoyano-62-120x90.jpg 120w\" sizes=\"auto, (max-width: 1024px) 100vw, 1024px\" \/><\/figure>\n\n\n\n<p><\/p>\n\n\n\n<p>Las previsiones metereol\u00f3gicas anunciaban lluvia, y no falt\u00f3 a su cita, aunque hay que decir que fue de manera suave por la ma\u00f1ana y apret\u00f3 justo al terminar la carrera. Se cartografi\u00f3 un mapa nuevo en el paraje \u00abLas Beatas\u00bb, pr\u00f3ximo a la ermita de la Encarnaci\u00f3n, que se utiliz\u00f3 con infraestructura de la prueba, agradeciendo a la Hermandad de la Virgen de la Encarnaci\u00f3n su colaboraci\u00f3n.<\/p>\n\n\n\n<p>Ana Defez fue la encargada de los trazados, que fueron un \u00e9xito para los participantes, pues las elecciones de ruta fueron de sus principales caracter\u00edsticas.<\/p>\n\n\n\n<p>El Campeonato Regional en Edad Escolar ser\u00e1 el pr\u00f3ximo Domingo en Ciudad Real, en una jornada de dos pruebas; por la ma\u00f1ana una media distancia y por la tarde, distancia sprint. La Federaci\u00f3n de Orientaci\u00f3n de Castilla-La Mancha ser\u00e1 la encargada de organizar esta competici\u00f3n.<\/p>\n\n\n\n<figure class=\"wp-block-image size-large\"><img loading=\"lazy\" decoding=\"async\" width=\"1024\" height=\"683\" src=\"https:\/\/bmtcasasdeves.com\/wp-content\/uploads\/2021\/05\/MG_0648-1024x683.jpg\" alt=\"\" class=\"wp-image-3780\" srcset=\"https:\/\/bmtcasasdeves.com\/wp-content\/uploads\/2021\/05\/MG_0648-1024x683.jpg 1024w, https:\/\/bmtcasasdeves.com\/wp-content\/uploads\/2021\/05\/MG_0648-300x200.jpg 300w, https:\/\/bmtcasasdeves.com\/wp-content\/uploads\/2021\/05\/MG_0648-768x512.jpg 768w, https:\/\/bmtcasasdeves.com\/wp-content\/uploads\/2021\/05\/MG_0648-1536x1024.jpg 1536w, https:\/\/bmtcasasdeves.com\/wp-content\/uploads\/2021\/05\/MG_0648-2048x1365.jpg 2048w, https:\/\/bmtcasasdeves.com\/wp-content\/uploads\/2021\/05\/MG_0648-600x400.jpg 600w, https:\/\/bmtcasasdeves.com\/wp-content\/uploads\/2021\/05\/MG_0648-90x60.jpg 90w, https:\/\/bmtcasasdeves.com\/wp-content\/uploads\/2021\/05\/MG_0648-135x90.jpg 135w\" sizes=\"auto, (max-width: 1024px) 100vw, 1024px\" \/><\/figure>\n\n\n\n<p><\/p>\n\n\n\n<p>Hay muchas opciones que los vencedores de esta competici\u00f3n se clasifiquen para el Campeonato de Espa\u00f1a por Selecciones Auton\u00f3micas (CESA) pero a d\u00eda de hoy el Consejo Superior de Deportes no ha convocado dicho Campeonato.<\/p>\n","protected":false},"excerpt":{"rendered":"<p>En un a\u00f1o con tantas incertidumbres, la orientaci\u00f3n no iba a ser menos. Y hasta hace muy poco tiempo no se ten\u00eda la certeza de poder tener la competici\u00f3n m\u00e1s esperada en nuestra regi\u00f3n para los escolares: El Campeonato Regional en Edad Escolar. Una vez que la junta public\u00f3 la resoluci\u00f3n, los campeonato provinciales se [&hellip;]<\/p>\n","protected":false},"author":1,"featured_media":3781,"comment_status":"open","ping_status":"open","sticky":false,"template":"","format":"standard","meta":{"jetpack_post_was_ever_published":false,"_jetpack_newsletter_access":"","_jetpack_dont_email_post_to_subs":false,"_jetpack_newsletter_tier_id":0,"_jetpack_memberships_contains_paywalled_content":false,"_jetpack_memberships_contains_paid_content":false,"footnotes":""},"categories":[27],"tags":[],"class_list":["post-3777","post","type-post","status-publish","format-standard","has-post-thumbnail","hentry","category-orientacion"],"yoast_head":"<!-- This site is optimized with the Yoast SEO plugin v27.5 - https:\/\/yoast.com\/product\/yoast-seo-wordpress\/ -->\n<title>Los escolares de Albacete afinan su puesta a punto para el regional en Casas de Ves - BMT Casas de Ves<\/title>\n<meta name=\"robots\" content=\"index, follow, max-snippet:-1, max-image-preview:large, max-video-preview:-1\" \/>\n<link rel=\"canonical\" href=\"https:\/\/bmtcasasdeves.com\/index.php\/2021\/05\/24\/los-escolares-de-albacete-afinan-su-puesta-a-punto-para-el-regional-en-casas-de-ves\/\" \/>\n<meta property=\"og:locale\" content=\"es_ES\" \/>\n<meta property=\"og:type\" content=\"article\" \/>\n<meta property=\"og:title\" content=\"Los escolares de Albacete afinan su puesta a punto para el regional en Casas de Ves - BMT Casas de Ves\" \/>\n<meta property=\"og:description\" content=\"En un a\u00f1o con tantas incertidumbres, la orientaci\u00f3n no iba a ser menos. Y hasta hace muy poco tiempo no se ten\u00eda la certeza de poder tener la competici\u00f3n m\u00e1s esperada en nuestra regi\u00f3n para los escolares: El Campeonato Regional en Edad Escolar. Una vez que la junta public\u00f3 la resoluci\u00f3n, los campeonato provinciales se [&hellip;]\" \/>\n<meta property=\"og:url\" content=\"https:\/\/bmtcasasdeves.com\/index.php\/2021\/05\/24\/los-escolares-de-albacete-afinan-su-puesta-a-punto-para-el-regional-en-casas-de-ves\/\" \/>\n<meta property=\"og:site_name\" content=\"BMT Casas de Ves\" \/>\n<meta property=\"article:published_time\" content=\"2021-05-24T16:16:51+00:00\" \/>\n<meta property=\"article:modified_time\" content=\"2021-05-24T16:16:52+00:00\" \/>\n<meta property=\"og:image\" content=\"https:\/\/bmtcasasdeves.com\/wp-content\/uploads\/2021\/05\/Captura-de-pantalla-2021-05-24-a-las-18.15.58-1024x465.png\" \/>\n\t<meta property=\"og:image:width\" content=\"1024\" \/>\n\t<meta property=\"og:image:height\" content=\"465\" \/>\n\t<meta property=\"og:image:type\" content=\"image\/png\" \/>\n<meta name=\"author\" content=\"admin\" \/>\n<meta name=\"twitter:card\" content=\"summary_large_image\" \/>\n<meta name=\"twitter:label1\" content=\"Escrito por\" \/>\n\t<meta name=\"twitter:data1\" content=\"admin\" \/>\n\t<meta name=\"twitter:label2\" content=\"Tiempo de lectura\" \/>\n\t<meta name=\"twitter:data2\" content=\"2 minutos\" \/>\n<script type=\"application\/ld+json\" class=\"yoast-schema-graph\">{\"@context\":\"https:\\\/\\\/schema.org\",\"@graph\":[{\"@type\":\"Article\",\"@id\":\"https:\\\/\\\/bmtcasasdeves.com\\\/index.php\\\/2021\\\/05\\\/24\\\/los-escolares-de-albacete-afinan-su-puesta-a-punto-para-el-regional-en-casas-de-ves\\\/#article\",\"isPartOf\":{\"@id\":\"https:\\\/\\\/bmtcasasdeves.com\\\/index.php\\\/2021\\\/05\\\/24\\\/los-escolares-de-albacete-afinan-su-puesta-a-punto-para-el-regional-en-casas-de-ves\\\/\"},\"author\":{\"name\":\"admin\",\"@id\":\"https:\\\/\\\/bmtcasasdeves.com\\\/#\\\/schema\\\/person\\\/0a74d99220d05e344176d35f8cd0d687\"},\"headline\":\"Los escolares de Albacete afinan su puesta a punto para el regional en Casas de Ves\",\"datePublished\":\"2021-05-24T16:16:51+00:00\",\"dateModified\":\"2021-05-24T16:16:52+00:00\",\"mainEntityOfPage\":{\"@id\":\"https:\\\/\\\/bmtcasasdeves.com\\\/index.php\\\/2021\\\/05\\\/24\\\/los-escolares-de-albacete-afinan-su-puesta-a-punto-para-el-regional-en-casas-de-ves\\\/\"},\"wordCount\":343,\"commentCount\":0,\"publisher\":{\"@id\":\"https:\\\/\\\/bmtcasasdeves.com\\\/#organization\"},\"image\":{\"@id\":\"https:\\\/\\\/bmtcasasdeves.com\\\/index.php\\\/2021\\\/05\\\/24\\\/los-escolares-de-albacete-afinan-su-puesta-a-punto-para-el-regional-en-casas-de-ves\\\/#primaryimage\"},\"thumbnailUrl\":\"https:\\\/\\\/bmtcasasdeves.com\\\/wp-content\\\/uploads\\\/2021\\\/05\\\/Captura-de-pantalla-2021-05-24-a-las-18.15.58.png\",\"articleSection\":[\"Orientaci\u00f3n\"],\"inLanguage\":\"es\",\"potentialAction\":[{\"@type\":\"CommentAction\",\"name\":\"Comment\",\"target\":[\"https:\\\/\\\/bmtcasasdeves.com\\\/index.php\\\/2021\\\/05\\\/24\\\/los-escolares-de-albacete-afinan-su-puesta-a-punto-para-el-regional-en-casas-de-ves\\\/#respond\"]}]},{\"@type\":\"WebPage\",\"@id\":\"https:\\\/\\\/bmtcasasdeves.com\\\/index.php\\\/2021\\\/05\\\/24\\\/los-escolares-de-albacete-afinan-su-puesta-a-punto-para-el-regional-en-casas-de-ves\\\/\",\"url\":\"https:\\\/\\\/bmtcasasdeves.com\\\/index.php\\\/2021\\\/05\\\/24\\\/los-escolares-de-albacete-afinan-su-puesta-a-punto-para-el-regional-en-casas-de-ves\\\/\",\"name\":\"Los escolares de Albacete afinan su puesta a punto para el regional en Casas de Ves - BMT Casas de Ves\",\"isPartOf\":{\"@id\":\"https:\\\/\\\/bmtcasasdeves.com\\\/#website\"},\"primaryImageOfPage\":{\"@id\":\"https:\\\/\\\/bmtcasasdeves.com\\\/index.php\\\/2021\\\/05\\\/24\\\/los-escolares-de-albacete-afinan-su-puesta-a-punto-para-el-regional-en-casas-de-ves\\\/#primaryimage\"},\"image\":{\"@id\":\"https:\\\/\\\/bmtcasasdeves.com\\\/index.php\\\/2021\\\/05\\\/24\\\/los-escolares-de-albacete-afinan-su-puesta-a-punto-para-el-regional-en-casas-de-ves\\\/#primaryimage\"},\"thumbnailUrl\":\"https:\\\/\\\/bmtcasasdeves.com\\\/wp-content\\\/uploads\\\/2021\\\/05\\\/Captura-de-pantalla-2021-05-24-a-las-18.15.58.png\",\"datePublished\":\"2021-05-24T16:16:51+00:00\",\"dateModified\":\"2021-05-24T16:16:52+00:00\",\"breadcrumb\":{\"@id\":\"https:\\\/\\\/bmtcasasdeves.com\\\/index.php\\\/2021\\\/05\\\/24\\\/los-escolares-de-albacete-afinan-su-puesta-a-punto-para-el-regional-en-casas-de-ves\\\/#breadcrumb\"},\"inLanguage\":\"es\",\"potentialAction\":[{\"@type\":\"ReadAction\",\"target\":[\"https:\\\/\\\/bmtcasasdeves.com\\\/index.php\\\/2021\\\/05\\\/24\\\/los-escolares-de-albacete-afinan-su-puesta-a-punto-para-el-regional-en-casas-de-ves\\\/\"]}]},{\"@type\":\"ImageObject\",\"inLanguage\":\"es\",\"@id\":\"https:\\\/\\\/bmtcasasdeves.com\\\/index.php\\\/2021\\\/05\\\/24\\\/los-escolares-de-albacete-afinan-su-puesta-a-punto-para-el-regional-en-casas-de-ves\\\/#primaryimage\",\"url\":\"https:\\\/\\\/bmtcasasdeves.com\\\/wp-content\\\/uploads\\\/2021\\\/05\\\/Captura-de-pantalla-2021-05-24-a-las-18.15.58.png\",\"contentUrl\":\"https:\\\/\\\/bmtcasasdeves.com\\\/wp-content\\\/uploads\\\/2021\\\/05\\\/Captura-de-pantalla-2021-05-24-a-las-18.15.58.png\",\"width\":2742,\"height\":1246},{\"@type\":\"BreadcrumbList\",\"@id\":\"https:\\\/\\\/bmtcasasdeves.com\\\/index.php\\\/2021\\\/05\\\/24\\\/los-escolares-de-albacete-afinan-su-puesta-a-punto-para-el-regional-en-casas-de-ves\\\/#breadcrumb\",\"itemListElement\":[{\"@type\":\"ListItem\",\"position\":1,\"name\":\"Portada\",\"item\":\"https:\\\/\\\/bmtcasasdeves.com\\\/\"},{\"@type\":\"ListItem\",\"position\":2,\"name\":\"Los escolares de Albacete afinan su puesta a punto para el regional en Casas de Ves\"}]},{\"@type\":\"WebSite\",\"@id\":\"https:\\\/\\\/bmtcasasdeves.com\\\/#website\",\"url\":\"https:\\\/\\\/bmtcasasdeves.com\\\/\",\"name\":\"BMT Casas de Ves\",\"description\":\"Club atletismo-orientaci\u00f3n-ciclismo de Casas de Ves\",\"publisher\":{\"@id\":\"https:\\\/\\\/bmtcasasdeves.com\\\/#organization\"},\"potentialAction\":[{\"@type\":\"SearchAction\",\"target\":{\"@type\":\"EntryPoint\",\"urlTemplate\":\"https:\\\/\\\/bmtcasasdeves.com\\\/?s={search_term_string}\"},\"query-input\":{\"@type\":\"PropertyValueSpecification\",\"valueRequired\":true,\"valueName\":\"search_term_string\"}}],\"inLanguage\":\"es\"},{\"@type\":\"Organization\",\"@id\":\"https:\\\/\\\/bmtcasasdeves.com\\\/#organization\",\"name\":\"BMT Casas de Ves\",\"url\":\"https:\\\/\\\/bmtcasasdeves.com\\\/\",\"logo\":{\"@type\":\"ImageObject\",\"inLanguage\":\"es\",\"@id\":\"https:\\\/\\\/bmtcasasdeves.com\\\/#\\\/schema\\\/logo\\\/image\\\/\",\"url\":\"https:\\\/\\\/bmtcasasdeves.com\\\/wp-content\\\/uploads\\\/2021\\\/02\\\/cropped-Banner-Web-01-2-scaled-1.jpg\",\"contentUrl\":\"https:\\\/\\\/bmtcasasdeves.com\\\/wp-content\\\/uploads\\\/2021\\\/02\\\/cropped-Banner-Web-01-2-scaled-1.jpg\",\"width\":2000,\"height\":1200,\"caption\":\"BMT Casas de Ves\"},\"image\":{\"@id\":\"https:\\\/\\\/bmtcasasdeves.com\\\/#\\\/schema\\\/logo\\\/image\\\/\"}},{\"@type\":\"Person\",\"@id\":\"https:\\\/\\\/bmtcasasdeves.com\\\/#\\\/schema\\\/person\\\/0a74d99220d05e344176d35f8cd0d687\",\"name\":\"admin\",\"image\":{\"@type\":\"ImageObject\",\"inLanguage\":\"es\",\"@id\":\"https:\\\/\\\/secure.gravatar.com\\\/avatar\\\/9c3dcf6fe048cbaa73c09c26c4bb2cb6d3cbbb19600a61fdcfeeee501775162f?s=96&d=mm&r=g\",\"url\":\"https:\\\/\\\/secure.gravatar.com\\\/avatar\\\/9c3dcf6fe048cbaa73c09c26c4bb2cb6d3cbbb19600a61fdcfeeee501775162f?s=96&d=mm&r=g\",\"contentUrl\":\"https:\\\/\\\/secure.gravatar.com\\\/avatar\\\/9c3dcf6fe048cbaa73c09c26c4bb2cb6d3cbbb19600a61fdcfeeee501775162f?s=96&d=mm&r=g\",\"caption\":\"admin\"},\"sameAs\":[\"https:\\\/\\\/bmtcasasdeves.com\"],\"url\":\"https:\\\/\\\/bmtcasasdeves.com\\\/index.php\\\/author\\\/adminbmt\\\/\"}]}<\/script>\n<!-- \/ Yoast SEO plugin. -->","yoast_head_json":{"title":"Los escolares de Albacete afinan su puesta a punto para el regional en Casas de Ves - BMT Casas de Ves","robots":{"index":"index","follow":"follow","max-snippet":"max-snippet:-1","max-image-preview":"max-image-preview:large","max-video-preview":"max-video-preview:-1"},"canonical":"https:\/\/bmtcasasdeves.com\/index.php\/2021\/05\/24\/los-escolares-de-albacete-afinan-su-puesta-a-punto-para-el-regional-en-casas-de-ves\/","og_locale":"es_ES","og_type":"article","og_title":"Los escolares de Albacete afinan su puesta a punto para el regional en Casas de Ves - BMT Casas de Ves","og_description":"En un a\u00f1o con tantas incertidumbres, la orientaci\u00f3n no iba a ser menos. Y hasta hace muy poco tiempo no se ten\u00eda la certeza de poder tener la competici\u00f3n m\u00e1s esperada en nuestra regi\u00f3n para los escolares: El Campeonato Regional en Edad Escolar. Una vez que la junta public\u00f3 la resoluci\u00f3n, los campeonato provinciales se [&hellip;]","og_url":"https:\/\/bmtcasasdeves.com\/index.php\/2021\/05\/24\/los-escolares-de-albacete-afinan-su-puesta-a-punto-para-el-regional-en-casas-de-ves\/","og_site_name":"BMT Casas de Ves","article_published_time":"2021-05-24T16:16:51+00:00","article_modified_time":"2021-05-24T16:16:52+00:00","og_image":[{"width":1024,"height":465,"url":"https:\/\/bmtcasasdeves.com\/wp-content\/uploads\/2021\/05\/Captura-de-pantalla-2021-05-24-a-las-18.15.58-1024x465.png","type":"image\/png"}],"author":"admin","twitter_card":"summary_large_image","twitter_misc":{"Escrito por":"admin","Tiempo de lectura":"2 minutos"},"schema":{"@context":"https:\/\/schema.org","@graph":[{"@type":"Article","@id":"https:\/\/bmtcasasdeves.com\/index.php\/2021\/05\/24\/los-escolares-de-albacete-afinan-su-puesta-a-punto-para-el-regional-en-casas-de-ves\/#article","isPartOf":{"@id":"https:\/\/bmtcasasdeves.com\/index.php\/2021\/05\/24\/los-escolares-de-albacete-afinan-su-puesta-a-punto-para-el-regional-en-casas-de-ves\/"},"author":{"name":"admin","@id":"https:\/\/bmtcasasdeves.com\/#\/schema\/person\/0a74d99220d05e344176d35f8cd0d687"},"headline":"Los escolares de Albacete afinan su puesta a punto para el regional en Casas de Ves","datePublished":"2021-05-24T16:16:51+00:00","dateModified":"2021-05-24T16:16:52+00:00","mainEntityOfPage":{"@id":"https:\/\/bmtcasasdeves.com\/index.php\/2021\/05\/24\/los-escolares-de-albacete-afinan-su-puesta-a-punto-para-el-regional-en-casas-de-ves\/"},"wordCount":343,"commentCount":0,"publisher":{"@id":"https:\/\/bmtcasasdeves.com\/#organization"},"image":{"@id":"https:\/\/bmtcasasdeves.com\/index.php\/2021\/05\/24\/los-escolares-de-albacete-afinan-su-puesta-a-punto-para-el-regional-en-casas-de-ves\/#primaryimage"},"thumbnailUrl":"https:\/\/bmtcasasdeves.com\/wp-content\/uploads\/2021\/05\/Captura-de-pantalla-2021-05-24-a-las-18.15.58.png","articleSection":["Orientaci\u00f3n"],"inLanguage":"es","potentialAction":[{"@type":"CommentAction","name":"Comment","target":["https:\/\/bmtcasasdeves.com\/index.php\/2021\/05\/24\/los-escolares-de-albacete-afinan-su-puesta-a-punto-para-el-regional-en-casas-de-ves\/#respond"]}]},{"@type":"WebPage","@id":"https:\/\/bmtcasasdeves.com\/index.php\/2021\/05\/24\/los-escolares-de-albacete-afinan-su-puesta-a-punto-para-el-regional-en-casas-de-ves\/","url":"https:\/\/bmtcasasdeves.com\/index.php\/2021\/05\/24\/los-escolares-de-albacete-afinan-su-puesta-a-punto-para-el-regional-en-casas-de-ves\/","name":"Los escolares de Albacete afinan su puesta a punto para el regional en Casas de Ves - BMT Casas de Ves","isPartOf":{"@id":"https:\/\/bmtcasasdeves.com\/#website"},"primaryImageOfPage":{"@id":"https:\/\/bmtcasasdeves.com\/index.php\/2021\/05\/24\/los-escolares-de-albacete-afinan-su-puesta-a-punto-para-el-regional-en-casas-de-ves\/#primaryimage"},"image":{"@id":"https:\/\/bmtcasasdeves.com\/index.php\/2021\/05\/24\/los-escolares-de-albacete-afinan-su-puesta-a-punto-para-el-regional-en-casas-de-ves\/#primaryimage"},"thumbnailUrl":"https:\/\/bmtcasasdeves.com\/wp-content\/uploads\/2021\/05\/Captura-de-pantalla-2021-05-24-a-las-18.15.58.png","datePublished":"2021-05-24T16:16:51+00:00","dateModified":"2021-05-24T16:16:52+00:00","breadcrumb":{"@id":"https:\/\/bmtcasasdeves.com\/index.php\/2021\/05\/24\/los-escolares-de-albacete-afinan-su-puesta-a-punto-para-el-regional-en-casas-de-ves\/#breadcrumb"},"inLanguage":"es","potentialAction":[{"@type":"ReadAction","target":["https:\/\/bmtcasasdeves.com\/index.php\/2021\/05\/24\/los-escolares-de-albacete-afinan-su-puesta-a-punto-para-el-regional-en-casas-de-ves\/"]}]},{"@type":"ImageObject","inLanguage":"es","@id":"https:\/\/bmtcasasdeves.com\/index.php\/2021\/05\/24\/los-escolares-de-albacete-afinan-su-puesta-a-punto-para-el-regional-en-casas-de-ves\/#primaryimage","url":"https:\/\/bmtcasasdeves.com\/wp-content\/uploads\/2021\/05\/Captura-de-pantalla-2021-05-24-a-las-18.15.58.png","contentUrl":"https:\/\/bmtcasasdeves.com\/wp-content\/uploads\/2021\/05\/Captura-de-pantalla-2021-05-24-a-las-18.15.58.png","width":2742,"height":1246},{"@type":"BreadcrumbList","@id":"https:\/\/bmtcasasdeves.com\/index.php\/2021\/05\/24\/los-escolares-de-albacete-afinan-su-puesta-a-punto-para-el-regional-en-casas-de-ves\/#breadcrumb","itemListElement":[{"@type":"ListItem","position":1,"name":"Portada","item":"https:\/\/bmtcasasdeves.com\/"},{"@type":"ListItem","position":2,"name":"Los escolares de Albacete afinan su puesta a punto para el regional en Casas de Ves"}]},{"@type":"WebSite","@id":"https:\/\/bmtcasasdeves.com\/#website","url":"https:\/\/bmtcasasdeves.com\/","name":"BMT Casas de Ves","description":"Club atletismo-orientaci\u00f3n-ciclismo de Casas de Ves","publisher":{"@id":"https:\/\/bmtcasasdeves.com\/#organization"},"potentialAction":[{"@type":"SearchAction","target":{"@type":"EntryPoint","urlTemplate":"https:\/\/bmtcasasdeves.com\/?s={search_term_string}"},"query-input":{"@type":"PropertyValueSpecification","valueRequired":true,"valueName":"search_term_string"}}],"inLanguage":"es"},{"@type":"Organization","@id":"https:\/\/bmtcasasdeves.com\/#organization","name":"BMT Casas de Ves","url":"https:\/\/bmtcasasdeves.com\/","logo":{"@type":"ImageObject","inLanguage":"es","@id":"https:\/\/bmtcasasdeves.com\/#\/schema\/logo\/image\/","url":"https:\/\/bmtcasasdeves.com\/wp-content\/uploads\/2021\/02\/cropped-Banner-Web-01-2-scaled-1.jpg","contentUrl":"https:\/\/bmtcasasdeves.com\/wp-content\/uploads\/2021\/02\/cropped-Banner-Web-01-2-scaled-1.jpg","width":2000,"height":1200,"caption":"BMT Casas de Ves"},"image":{"@id":"https:\/\/bmtcasasdeves.com\/#\/schema\/logo\/image\/"}},{"@type":"Person","@id":"https:\/\/bmtcasasdeves.com\/#\/schema\/person\/0a74d99220d05e344176d35f8cd0d687","name":"admin","image":{"@type":"ImageObject","inLanguage":"es","@id":"https:\/\/secure.gravatar.com\/avatar\/9c3dcf6fe048cbaa73c09c26c4bb2cb6d3cbbb19600a61fdcfeeee501775162f?s=96&d=mm&r=g","url":"https:\/\/secure.gravatar.com\/avatar\/9c3dcf6fe048cbaa73c09c26c4bb2cb6d3cbbb19600a61fdcfeeee501775162f?s=96&d=mm&r=g","contentUrl":"https:\/\/secure.gravatar.com\/avatar\/9c3dcf6fe048cbaa73c09c26c4bb2cb6d3cbbb19600a61fdcfeeee501775162f?s=96&d=mm&r=g","caption":"admin"},"sameAs":["https:\/\/bmtcasasdeves.com"],"url":"https:\/\/bmtcasasdeves.com\/index.php\/author\/adminbmt\/"}]}},"views":1451,"jetpack_featured_media_url":"https:\/\/bmtcasasdeves.com\/wp-content\/uploads\/2021\/05\/Captura-de-pantalla-2021-05-24-a-las-18.15.58.png","jetpack_sharing_enabled":true,"_links":{"self":[{"href":"https:\/\/bmtcasasdeves.com\/index.php\/wp-json\/wp\/v2\/posts\/3777","targetHints":{"allow":["GET"]}}],"collection":[{"href":"https:\/\/bmtcasasdeves.com\/index.php\/wp-json\/wp\/v2\/posts"}],"about":[{"href":"https:\/\/bmtcasasdeves.com\/index.php\/wp-json\/wp\/v2\/types\/post"}],"author":[{"embeddable":true,"href":"https:\/\/bmtcasasdeves.com\/index.php\/wp-json\/wp\/v2\/users\/1"}],"replies":[{"embeddable":true,"href":"https:\/\/bmtcasasdeves.com\/index.php\/wp-json\/wp\/v2\/comments?post=3777"}],"version-history":[{"count":1,"href":"https:\/\/bmtcasasdeves.com\/index.php\/wp-json\/wp\/v2\/posts\/3777\/revisions"}],"predecessor-version":[{"id":3782,"href":"https:\/\/bmtcasasdeves.com\/index.php\/wp-json\/wp\/v2\/posts\/3777\/revisions\/3782"}],"wp:featuredmedia":[{"embeddable":true,"href":"https:\/\/bmtcasasdeves.com\/index.php\/wp-json\/wp\/v2\/media\/3781"}],"wp:attachment":[{"href":"https:\/\/bmtcasasdeves.com\/index.php\/wp-json\/wp\/v2\/media?parent=3777"}],"wp:term":[{"taxonomy":"category","embeddable":true,"href":"https:\/\/bmtcasasdeves.com\/index.php\/wp-json\/wp\/v2\/categories?post=3777"},{"taxonomy":"post_tag","embeddable":true,"href":"https:\/\/bmtcasasdeves.com\/index.php\/wp-json\/wp\/v2\/tags?post=3777"}],"curies":[{"name":"wp","href":"https:\/\/api.w.org\/{rel}","templated":true}]}}