{"id":3368,"date":"2020-08-16T11:27:14","date_gmt":"2020-08-16T11:27:14","guid":{"rendered":"https:\/\/bmtcasasdeves.wordpress.com\/?p=3368"},"modified":"2021-06-10T10:56:41","modified_gmt":"2021-06-10T10:56:41","slug":"javier-garcia-y-jose-antonio-villar-convocados-por-la-fedo","status":"publish","type":"post","link":"https:\/\/bmtcasasdeves.com\/index.php\/2020\/08\/16\/javier-garcia-y-jose-antonio-villar-convocados-por-la-fedo\/","title":{"rendered":"Javier Garc\u00eda y Jose Antonio Villar, convocados por la FEDO"},"content":{"rendered":"\n<p>Nuestros orientadores Javier Garc\u00eda y Jos\u00e9 Antonio Villar (categor\u00eda M18) han sido convocados por la\u00a0<a href=\"https:\/\/www.facebook.com\/fedo.org\/?__tn__=K-R&amp;eid=ARBkxQKCj3D-cQIZ-e0rBdRo-hB-Uxe09G7JVF2cP0p1cPeQhi6oA01vPNWUn_UBNL2zpPDOjh1fZ2jX&amp;fref=mentions&amp;__xts__%5B0%5D=68.ARCZwPPgyR2vT5kGGbRtCNctEI0mfNb8Mp_8I6kNaAACaaSXUfktSMyhuOqNmTdXq6aiu0rfAqsVhK76ONYki8jAqfrQuUR0dZjQM2D213QQEHntWUoQvGBSAWqAkXHs-7y_alHjuUPsraVgHPOX98emc9iBaAA5SnR2HA_oITtgoX9GbEVvWWa3a5rxbiraW9fvwHGsbOcG7Kl0YK1ifdyNBOmnlQ543e62ycgfABRXTAl9ZnGAcCt25veIeVvMOFa8Zs5MBUq5vp52IFYnLFpdVjwsWjToVdUpXseKjG-fA9nwjm0kAZxLBjGcngxf-yndBG5B-WYnkK_KaV0c_cKITw\">Federaci\u00f3n Espa\u00f1ola de Orientaci\u00f3n<\/a>\u00a0para las pruebas de selecci\u00f3n para el\u00a0<a href=\"https:\/\/www.facebook.com\/eyoc2020\/?__tn__=K-R&amp;eid=ARCnVAHfLg6qBifv2aphe0u3fqTFuusk7byk6hWaEjlu0yJ3jWhct4hkMtihQdfRY497y1a-v4zJzbA6&amp;fref=mentions&amp;__xts__%5B0%5D=68.ARCZwPPgyR2vT5kGGbRtCNctEI0mfNb8Mp_8I6kNaAACaaSXUfktSMyhuOqNmTdXq6aiu0rfAqsVhK76ONYki8jAqfrQuUR0dZjQM2D213QQEHntWUoQvGBSAWqAkXHs-7y_alHjuUPsraVgHPOX98emc9iBaAA5SnR2HA_oITtgoX9GbEVvWWa3a5rxbiraW9fvwHGsbOcG7Kl0YK1ifdyNBOmnlQ543e62ycgfABRXTAl9ZnGAcCt25veIeVvMOFa8Zs5MBUq5vp52IFYnLFpdVjwsWjToVdUpXseKjG-fA9nwjm0kAZxLBjGcngxf-yndBG5B-WYnkK_KaV0c_cKITw\">Eyoc2020<\/a> (Campeonato de Europa Juvenil) que se celebra en Hungr\u00eda del 24 al 26 de Octubre.<\/p>\n\n\n\n<p>Estas pruebas se realizar\u00e1n en Urbasa, aprovechando el Campo de Entrenamiento O&#8217;Tech del 19 al 23 de Agosto<\/p>\n\n\n\n<figure class=\"wp-block-image size-large is-style-default\"><img decoding=\"async\" src=\"https:\/\/bmtcasasdeves.files.wordpress.com\/2020\/08\/504b0f96-e5a2-4bd2-8a37-e9b4b3fcc1d7.jpg?w=1024\" alt=\"\" class=\"wp-image-3373\" \/><figcaption>Javier Garc\u00eda<\/figcaption><\/figure>\n\n\n\n<figure class=\"wp-block-image size-large\"><img decoding=\"async\" src=\"https:\/\/bmtcasasdeves.files.wordpress.com\/2020\/08\/0b36dae6-7629-4beb-a9d5-467f846706dd.jpg?w=1024\" alt=\"\" class=\"wp-image-3375\" \/><figcaption>Jose Antonio Villar<\/figcaption><\/figure>\n\n\n\n<p><\/p>\n","protected":false},"excerpt":{"rendered":"<p>Nuestros orientadores Javier Garc\u00eda y Jos\u00e9 Antonio Villar (categor\u00eda M18) han sido convocados por la\u00a0Federaci\u00f3n Espa\u00f1ola de Orientaci\u00f3n\u00a0para las pruebas de selecci\u00f3n para el\u00a0Eyoc2020 (Campeonato de Europa Juvenil) que se celebra en Hungr\u00eda del 24 al 26 de Octubre. Estas pruebas se realizar\u00e1n en Urbasa, aprovechando el Campo de Entrenamiento O&#8217;Tech del 19 al 23 [&hellip;]<\/p>\n","protected":false},"author":3,"featured_media":3376,"comment_status":"open","ping_status":"open","sticky":false,"template":"","format":"standard","meta":{"jetpack_post_was_ever_published":false,"_jetpack_newsletter_access":"","_jetpack_dont_email_post_to_subs":false,"_jetpack_newsletter_tier_id":0,"_jetpack_memberships_contains_paywalled_content":false,"_jetpack_memberships_contains_paid_content":false,"footnotes":""},"categories":[27],"tags":[],"class_list":["post-3368","post","type-post","status-publish","format-standard","has-post-thumbnail","hentry","category-orientacion"],"yoast_head":"<!-- This site is optimized with the Yoast SEO plugin v27.5 - https:\/\/yoast.com\/product\/yoast-seo-wordpress\/ -->\n<title>Javier Garc\u00eda y Jose Antonio Villar, convocados por la FEDO - BMT Casas de Ves<\/title>\n<meta name=\"robots\" content=\"index, follow, max-snippet:-1, max-image-preview:large, max-video-preview:-1\" \/>\n<link rel=\"canonical\" href=\"https:\/\/bmtcasasdeves.com\/index.php\/2020\/08\/16\/javier-garcia-y-jose-antonio-villar-convocados-por-la-fedo\/\" \/>\n<meta property=\"og:locale\" content=\"es_ES\" \/>\n<meta property=\"og:type\" content=\"article\" \/>\n<meta property=\"og:title\" content=\"Javier Garc\u00eda y Jose Antonio Villar, convocados por la FEDO - BMT Casas de Ves\" \/>\n<meta property=\"og:description\" content=\"Nuestros orientadores Javier Garc\u00eda y Jos\u00e9 Antonio Villar (categor\u00eda M18) han sido convocados por la\u00a0Federaci\u00f3n Espa\u00f1ola de Orientaci\u00f3n\u00a0para las pruebas de selecci\u00f3n para el\u00a0Eyoc2020 (Campeonato de Europa Juvenil) que se celebra en Hungr\u00eda del 24 al 26 de Octubre. Estas pruebas se realizar\u00e1n en Urbasa, aprovechando el Campo de Entrenamiento O&#8217;Tech del 19 al 23 [&hellip;]\" \/>\n<meta property=\"og:url\" content=\"https:\/\/bmtcasasdeves.com\/index.php\/2020\/08\/16\/javier-garcia-y-jose-antonio-villar-convocados-por-la-fedo\/\" \/>\n<meta property=\"og:site_name\" content=\"BMT Casas de Ves\" \/>\n<meta property=\"article:published_time\" content=\"2020-08-16T11:27:14+00:00\" \/>\n<meta property=\"article:modified_time\" content=\"2021-06-10T10:56:41+00:00\" \/>\n<meta property=\"og:image\" content=\"https:\/\/bmtcasasdeves.com\/wp-content\/uploads\/2021\/02\/cropped-Banner-Web-01-2-scaled-1.jpg\" \/>\n\t<meta property=\"og:image:width\" content=\"2000\" \/>\n\t<meta property=\"og:image:height\" content=\"1200\" \/>\n\t<meta property=\"og:image:type\" content=\"image\/jpeg\" \/>\n<meta name=\"author\" content=\"BMT Casas de Ves\" \/>\n<meta name=\"twitter:card\" content=\"summary_large_image\" \/>\n<meta name=\"twitter:label1\" content=\"Escrito por\" \/>\n\t<meta name=\"twitter:data1\" content=\"BMT Casas de Ves\" \/>\n<script type=\"application\/ld+json\" class=\"yoast-schema-graph\">{\"@context\":\"https:\\\/\\\/schema.org\",\"@graph\":[{\"@type\":\"Article\",\"@id\":\"https:\\\/\\\/bmtcasasdeves.com\\\/index.php\\\/2020\\\/08\\\/16\\\/javier-garcia-y-jose-antonio-villar-convocados-por-la-fedo\\\/#article\",\"isPartOf\":{\"@id\":\"https:\\\/\\\/bmtcasasdeves.com\\\/index.php\\\/2020\\\/08\\\/16\\\/javier-garcia-y-jose-antonio-villar-convocados-por-la-fedo\\\/\"},\"author\":{\"name\":\"BMT Casas de Ves\",\"@id\":\"https:\\\/\\\/bmtcasasdeves.com\\\/#\\\/schema\\\/person\\\/6aaf35551234df423bb5324e8ed40abe\"},\"headline\":\"Javier Garc\u00eda y Jose Antonio Villar, convocados por la FEDO\",\"datePublished\":\"2020-08-16T11:27:14+00:00\",\"dateModified\":\"2021-06-10T10:56:41+00:00\",\"mainEntityOfPage\":{\"@id\":\"https:\\\/\\\/bmtcasasdeves.com\\\/index.php\\\/2020\\\/08\\\/16\\\/javier-garcia-y-jose-antonio-villar-convocados-por-la-fedo\\\/\"},\"wordCount\":81,\"commentCount\":0,\"publisher\":{\"@id\":\"https:\\\/\\\/bmtcasasdeves.com\\\/#organization\"},\"image\":{\"@id\":\"https:\\\/\\\/bmtcasasdeves.com\\\/index.php\\\/2020\\\/08\\\/16\\\/javier-garcia-y-jose-antonio-villar-convocados-por-la-fedo\\\/#primaryimage\"},\"thumbnailUrl\":\"\",\"articleSection\":[\"Orientaci\u00f3n\"],\"inLanguage\":\"es\",\"potentialAction\":[{\"@type\":\"CommentAction\",\"name\":\"Comment\",\"target\":[\"https:\\\/\\\/bmtcasasdeves.com\\\/index.php\\\/2020\\\/08\\\/16\\\/javier-garcia-y-jose-antonio-villar-convocados-por-la-fedo\\\/#respond\"]}]},{\"@type\":\"WebPage\",\"@id\":\"https:\\\/\\\/bmtcasasdeves.com\\\/index.php\\\/2020\\\/08\\\/16\\\/javier-garcia-y-jose-antonio-villar-convocados-por-la-fedo\\\/\",\"url\":\"https:\\\/\\\/bmtcasasdeves.com\\\/index.php\\\/2020\\\/08\\\/16\\\/javier-garcia-y-jose-antonio-villar-convocados-por-la-fedo\\\/\",\"name\":\"Javier Garc\u00eda y Jose Antonio Villar, convocados por la FEDO - BMT Casas de Ves\",\"isPartOf\":{\"@id\":\"https:\\\/\\\/bmtcasasdeves.com\\\/#website\"},\"primaryImageOfPage\":{\"@id\":\"https:\\\/\\\/bmtcasasdeves.com\\\/index.php\\\/2020\\\/08\\\/16\\\/javier-garcia-y-jose-antonio-villar-convocados-por-la-fedo\\\/#primaryimage\"},\"image\":{\"@id\":\"https:\\\/\\\/bmtcasasdeves.com\\\/index.php\\\/2020\\\/08\\\/16\\\/javier-garcia-y-jose-antonio-villar-convocados-por-la-fedo\\\/#primaryimage\"},\"thumbnailUrl\":\"\",\"datePublished\":\"2020-08-16T11:27:14+00:00\",\"dateModified\":\"2021-06-10T10:56:41+00:00\",\"breadcrumb\":{\"@id\":\"https:\\\/\\\/bmtcasasdeves.com\\\/index.php\\\/2020\\\/08\\\/16\\\/javier-garcia-y-jose-antonio-villar-convocados-por-la-fedo\\\/#breadcrumb\"},\"inLanguage\":\"es\",\"potentialAction\":[{\"@type\":\"ReadAction\",\"target\":[\"https:\\\/\\\/bmtcasasdeves.com\\\/index.php\\\/2020\\\/08\\\/16\\\/javier-garcia-y-jose-antonio-villar-convocados-por-la-fedo\\\/\"]}]},{\"@type\":\"ImageObject\",\"inLanguage\":\"es\",\"@id\":\"https:\\\/\\\/bmtcasasdeves.com\\\/index.php\\\/2020\\\/08\\\/16\\\/javier-garcia-y-jose-antonio-villar-convocados-por-la-fedo\\\/#primaryimage\",\"url\":\"\",\"contentUrl\":\"\"},{\"@type\":\"BreadcrumbList\",\"@id\":\"https:\\\/\\\/bmtcasasdeves.com\\\/index.php\\\/2020\\\/08\\\/16\\\/javier-garcia-y-jose-antonio-villar-convocados-por-la-fedo\\\/#breadcrumb\",\"itemListElement\":[{\"@type\":\"ListItem\",\"position\":1,\"name\":\"Portada\",\"item\":\"https:\\\/\\\/bmtcasasdeves.com\\\/\"},{\"@type\":\"ListItem\",\"position\":2,\"name\":\"Javier Garc\u00eda y Jose Antonio Villar, convocados por la FEDO\"}]},{\"@type\":\"WebSite\",\"@id\":\"https:\\\/\\\/bmtcasasdeves.com\\\/#website\",\"url\":\"https:\\\/\\\/bmtcasasdeves.com\\\/\",\"name\":\"BMT Casas de Ves\",\"description\":\"Club atletismo-orientaci\u00f3n-ciclismo de Casas de Ves\",\"publisher\":{\"@id\":\"https:\\\/\\\/bmtcasasdeves.com\\\/#organization\"},\"potentialAction\":[{\"@type\":\"SearchAction\",\"target\":{\"@type\":\"EntryPoint\",\"urlTemplate\":\"https:\\\/\\\/bmtcasasdeves.com\\\/?s={search_term_string}\"},\"query-input\":{\"@type\":\"PropertyValueSpecification\",\"valueRequired\":true,\"valueName\":\"search_term_string\"}}],\"inLanguage\":\"es\"},{\"@type\":\"Organization\",\"@id\":\"https:\\\/\\\/bmtcasasdeves.com\\\/#organization\",\"name\":\"BMT Casas de Ves\",\"url\":\"https:\\\/\\\/bmtcasasdeves.com\\\/\",\"logo\":{\"@type\":\"ImageObject\",\"inLanguage\":\"es\",\"@id\":\"https:\\\/\\\/bmtcasasdeves.com\\\/#\\\/schema\\\/logo\\\/image\\\/\",\"url\":\"https:\\\/\\\/bmtcasasdeves.com\\\/wp-content\\\/uploads\\\/2021\\\/02\\\/cropped-Banner-Web-01-2-scaled-1.jpg\",\"contentUrl\":\"https:\\\/\\\/bmtcasasdeves.com\\\/wp-content\\\/uploads\\\/2021\\\/02\\\/cropped-Banner-Web-01-2-scaled-1.jpg\",\"width\":2000,\"height\":1200,\"caption\":\"BMT Casas de Ves\"},\"image\":{\"@id\":\"https:\\\/\\\/bmtcasasdeves.com\\\/#\\\/schema\\\/logo\\\/image\\\/\"}},{\"@type\":\"Person\",\"@id\":\"https:\\\/\\\/bmtcasasdeves.com\\\/#\\\/schema\\\/person\\\/6aaf35551234df423bb5324e8ed40abe\",\"name\":\"BMT Casas de Ves\",\"image\":{\"@type\":\"ImageObject\",\"inLanguage\":\"es\",\"@id\":\"https:\\\/\\\/secure.gravatar.com\\\/avatar\\\/457b632d420b88231aa3bbd27aff181b637f25576d8cb722844b7d4ac9266025?s=96&d=mm&r=g\",\"url\":\"https:\\\/\\\/secure.gravatar.com\\\/avatar\\\/457b632d420b88231aa3bbd27aff181b637f25576d8cb722844b7d4ac9266025?s=96&d=mm&r=g\",\"contentUrl\":\"https:\\\/\\\/secure.gravatar.com\\\/avatar\\\/457b632d420b88231aa3bbd27aff181b637f25576d8cb722844b7d4ac9266025?s=96&d=mm&r=g\",\"caption\":\"BMT Casas de Ves\"},\"url\":\"https:\\\/\\\/bmtcasasdeves.com\\\/index.php\\\/author\\\/bmtcasasdeves\\\/\"}]}<\/script>\n<!-- \/ Yoast SEO plugin. -->","yoast_head_json":{"title":"Javier Garc\u00eda y Jose Antonio Villar, convocados por la FEDO - BMT Casas de Ves","robots":{"index":"index","follow":"follow","max-snippet":"max-snippet:-1","max-image-preview":"max-image-preview:large","max-video-preview":"max-video-preview:-1"},"canonical":"https:\/\/bmtcasasdeves.com\/index.php\/2020\/08\/16\/javier-garcia-y-jose-antonio-villar-convocados-por-la-fedo\/","og_locale":"es_ES","og_type":"article","og_title":"Javier Garc\u00eda y Jose Antonio Villar, convocados por la FEDO - BMT Casas de Ves","og_description":"Nuestros orientadores Javier Garc\u00eda y Jos\u00e9 Antonio Villar (categor\u00eda M18) han sido convocados por la\u00a0Federaci\u00f3n Espa\u00f1ola de Orientaci\u00f3n\u00a0para las pruebas de selecci\u00f3n para el\u00a0Eyoc2020 (Campeonato de Europa Juvenil) que se celebra en Hungr\u00eda del 24 al 26 de Octubre. Estas pruebas se realizar\u00e1n en Urbasa, aprovechando el Campo de Entrenamiento O&#8217;Tech del 19 al 23 [&hellip;]","og_url":"https:\/\/bmtcasasdeves.com\/index.php\/2020\/08\/16\/javier-garcia-y-jose-antonio-villar-convocados-por-la-fedo\/","og_site_name":"BMT Casas de Ves","article_published_time":"2020-08-16T11:27:14+00:00","article_modified_time":"2021-06-10T10:56:41+00:00","og_image":[{"width":2000,"height":1200,"url":"https:\/\/bmtcasasdeves.com\/wp-content\/uploads\/2021\/02\/cropped-Banner-Web-01-2-scaled-1.jpg","type":"image\/jpeg"}],"author":"BMT Casas de Ves","twitter_card":"summary_large_image","twitter_misc":{"Escrito por":"BMT Casas de Ves"},"schema":{"@context":"https:\/\/schema.org","@graph":[{"@type":"Article","@id":"https:\/\/bmtcasasdeves.com\/index.php\/2020\/08\/16\/javier-garcia-y-jose-antonio-villar-convocados-por-la-fedo\/#article","isPartOf":{"@id":"https:\/\/bmtcasasdeves.com\/index.php\/2020\/08\/16\/javier-garcia-y-jose-antonio-villar-convocados-por-la-fedo\/"},"author":{"name":"BMT Casas de Ves","@id":"https:\/\/bmtcasasdeves.com\/#\/schema\/person\/6aaf35551234df423bb5324e8ed40abe"},"headline":"Javier Garc\u00eda y Jose Antonio Villar, convocados por la FEDO","datePublished":"2020-08-16T11:27:14+00:00","dateModified":"2021-06-10T10:56:41+00:00","mainEntityOfPage":{"@id":"https:\/\/bmtcasasdeves.com\/index.php\/2020\/08\/16\/javier-garcia-y-jose-antonio-villar-convocados-por-la-fedo\/"},"wordCount":81,"commentCount":0,"publisher":{"@id":"https:\/\/bmtcasasdeves.com\/#organization"},"image":{"@id":"https:\/\/bmtcasasdeves.com\/index.php\/2020\/08\/16\/javier-garcia-y-jose-antonio-villar-convocados-por-la-fedo\/#primaryimage"},"thumbnailUrl":"","articleSection":["Orientaci\u00f3n"],"inLanguage":"es","potentialAction":[{"@type":"CommentAction","name":"Comment","target":["https:\/\/bmtcasasdeves.com\/index.php\/2020\/08\/16\/javier-garcia-y-jose-antonio-villar-convocados-por-la-fedo\/#respond"]}]},{"@type":"WebPage","@id":"https:\/\/bmtcasasdeves.com\/index.php\/2020\/08\/16\/javier-garcia-y-jose-antonio-villar-convocados-por-la-fedo\/","url":"https:\/\/bmtcasasdeves.com\/index.php\/2020\/08\/16\/javier-garcia-y-jose-antonio-villar-convocados-por-la-fedo\/","name":"Javier Garc\u00eda y Jose Antonio Villar, convocados por la FEDO - BMT Casas de Ves","isPartOf":{"@id":"https:\/\/bmtcasasdeves.com\/#website"},"primaryImageOfPage":{"@id":"https:\/\/bmtcasasdeves.com\/index.php\/2020\/08\/16\/javier-garcia-y-jose-antonio-villar-convocados-por-la-fedo\/#primaryimage"},"image":{"@id":"https:\/\/bmtcasasdeves.com\/index.php\/2020\/08\/16\/javier-garcia-y-jose-antonio-villar-convocados-por-la-fedo\/#primaryimage"},"thumbnailUrl":"","datePublished":"2020-08-16T11:27:14+00:00","dateModified":"2021-06-10T10:56:41+00:00","breadcrumb":{"@id":"https:\/\/bmtcasasdeves.com\/index.php\/2020\/08\/16\/javier-garcia-y-jose-antonio-villar-convocados-por-la-fedo\/#breadcrumb"},"inLanguage":"es","potentialAction":[{"@type":"ReadAction","target":["https:\/\/bmtcasasdeves.com\/index.php\/2020\/08\/16\/javier-garcia-y-jose-antonio-villar-convocados-por-la-fedo\/"]}]},{"@type":"ImageObject","inLanguage":"es","@id":"https:\/\/bmtcasasdeves.com\/index.php\/2020\/08\/16\/javier-garcia-y-jose-antonio-villar-convocados-por-la-fedo\/#primaryimage","url":"","contentUrl":""},{"@type":"BreadcrumbList","@id":"https:\/\/bmtcasasdeves.com\/index.php\/2020\/08\/16\/javier-garcia-y-jose-antonio-villar-convocados-por-la-fedo\/#breadcrumb","itemListElement":[{"@type":"ListItem","position":1,"name":"Portada","item":"https:\/\/bmtcasasdeves.com\/"},{"@type":"ListItem","position":2,"name":"Javier Garc\u00eda y Jose Antonio Villar, convocados por la FEDO"}]},{"@type":"WebSite","@id":"https:\/\/bmtcasasdeves.com\/#website","url":"https:\/\/bmtcasasdeves.com\/","name":"BMT Casas de Ves","description":"Club atletismo-orientaci\u00f3n-ciclismo de Casas de Ves","publisher":{"@id":"https:\/\/bmtcasasdeves.com\/#organization"},"potentialAction":[{"@type":"SearchAction","target":{"@type":"EntryPoint","urlTemplate":"https:\/\/bmtcasasdeves.com\/?s={search_term_string}"},"query-input":{"@type":"PropertyValueSpecification","valueRequired":true,"valueName":"search_term_string"}}],"inLanguage":"es"},{"@type":"Organization","@id":"https:\/\/bmtcasasdeves.com\/#organization","name":"BMT Casas de Ves","url":"https:\/\/bmtcasasdeves.com\/","logo":{"@type":"ImageObject","inLanguage":"es","@id":"https:\/\/bmtcasasdeves.com\/#\/schema\/logo\/image\/","url":"https:\/\/bmtcasasdeves.com\/wp-content\/uploads\/2021\/02\/cropped-Banner-Web-01-2-scaled-1.jpg","contentUrl":"https:\/\/bmtcasasdeves.com\/wp-content\/uploads\/2021\/02\/cropped-Banner-Web-01-2-scaled-1.jpg","width":2000,"height":1200,"caption":"BMT Casas de Ves"},"image":{"@id":"https:\/\/bmtcasasdeves.com\/#\/schema\/logo\/image\/"}},{"@type":"Person","@id":"https:\/\/bmtcasasdeves.com\/#\/schema\/person\/6aaf35551234df423bb5324e8ed40abe","name":"BMT Casas de Ves","image":{"@type":"ImageObject","inLanguage":"es","@id":"https:\/\/secure.gravatar.com\/avatar\/457b632d420b88231aa3bbd27aff181b637f25576d8cb722844b7d4ac9266025?s=96&d=mm&r=g","url":"https:\/\/secure.gravatar.com\/avatar\/457b632d420b88231aa3bbd27aff181b637f25576d8cb722844b7d4ac9266025?s=96&d=mm&r=g","contentUrl":"https:\/\/secure.gravatar.com\/avatar\/457b632d420b88231aa3bbd27aff181b637f25576d8cb722844b7d4ac9266025?s=96&d=mm&r=g","caption":"BMT Casas de Ves"},"url":"https:\/\/bmtcasasdeves.com\/index.php\/author\/bmtcasasdeves\/"}]}},"views":1386,"jetpack_featured_media_url":"","jetpack_sharing_enabled":true,"_links":{"self":[{"href":"https:\/\/bmtcasasdeves.com\/index.php\/wp-json\/wp\/v2\/posts\/3368","targetHints":{"allow":["GET"]}}],"collection":[{"href":"https:\/\/bmtcasasdeves.com\/index.php\/wp-json\/wp\/v2\/posts"}],"about":[{"href":"https:\/\/bmtcasasdeves.com\/index.php\/wp-json\/wp\/v2\/types\/post"}],"author":[{"embeddable":true,"href":"https:\/\/bmtcasasdeves.com\/index.php\/wp-json\/wp\/v2\/users\/3"}],"replies":[{"embeddable":true,"href":"https:\/\/bmtcasasdeves.com\/index.php\/wp-json\/wp\/v2\/comments?post=3368"}],"version-history":[{"count":1,"href":"https:\/\/bmtcasasdeves.com\/index.php\/wp-json\/wp\/v2\/posts\/3368\/revisions"}],"predecessor-version":[{"id":3877,"href":"https:\/\/bmtcasasdeves.com\/index.php\/wp-json\/wp\/v2\/posts\/3368\/revisions\/3877"}],"wp:featuredmedia":[{"embeddable":true,"href":"https:\/\/bmtcasasdeves.com\/index.php\/wp-json\/"}],"wp:attachment":[{"href":"https:\/\/bmtcasasdeves.com\/index.php\/wp-json\/wp\/v2\/media?parent=3368"}],"wp:term":[{"taxonomy":"category","embeddable":true,"href":"https:\/\/bmtcasasdeves.com\/index.php\/wp-json\/wp\/v2\/categories?post=3368"},{"taxonomy":"post_tag","embeddable":true,"href":"https:\/\/bmtcasasdeves.com\/index.php\/wp-json\/wp\/v2\/tags?post=3368"}],"curies":[{"name":"wp","href":"https:\/\/api.w.org\/{rel}","templated":true}]}}