{"id":2888,"date":"2019-10-02T12:50:39","date_gmt":"2019-10-02T11:50:39","guid":{"rendered":"https:\/\/bmtcasasdeves.wordpress.com\/?p=2888"},"modified":"2019-10-02T12:50:39","modified_gmt":"2019-10-02T11:50:39","slug":"jorquera-ultima-prueba-del-circuito-provincial-de-orientacion","status":"publish","type":"post","link":"https:\/\/bmtcasasdeves.com\/index.php\/2019\/10\/02\/jorquera-ultima-prueba-del-circuito-provincial-de-orientacion\/","title":{"rendered":"Jorquera. \u00daltima prueba del Circuito Provincial de Orientaci\u00f3n"},"content":{"rendered":"\n<p>El circuito provincial de Orientaci\u00f3n \u00abDiputaci\u00f3n de Albacete\u00bb 2019 tiene su \u00faltima parada en Jorquera, con una carrera urbana el domingo 27 de Octubre.<\/p>\n\n\n\n<p>Un mapa de calles laber\u00ednticas, donde el antiguo castillo y las murallas almohades ser\u00e1n testigos de las carreras de los orientadores.<\/p>\n\n\n\n<p>Toda la info, disponible en la siguiente p\u00e1gina:<\/p>\n\n\n\n<p><a href=\"https:\/\/bmtcasasdeves.wordpress.com\/jorquera-circuito-provincial-2019\/\">https:\/\/bmtcasasdeves.wordpress.com\/jorquera-circuito-provincial-2019\/<\/a><\/p>\n\n\n\n<figure class=\"wp-block-image size-large\"><img decoding=\"async\" src=\"https:\/\/bmtcasasdeves.files.wordpress.com\/2019\/10\/cartel-carrera-jorquera.jpg?w=640\" alt=\"\" class=\"wp-image-2871\" \/><\/figure>\n","protected":false},"excerpt":{"rendered":"<p>El circuito provincial de Orientaci\u00f3n \u00abDiputaci\u00f3n de Albacete\u00bb 2019 tiene su \u00faltima parada en Jorquera, con una carrera urbana el domingo 27 de Octubre. Un mapa de calles laber\u00ednticas, donde el antiguo castillo y las murallas almohades ser\u00e1n testigos de las carreras de los orientadores. Toda la info, disponible en la siguiente p\u00e1gina: https:\/\/bmtcasasdeves.wordpress.com\/jorquera-circuito-provincial-2019\/<\/p>\n","protected":false},"author":3,"featured_media":2890,"comment_status":"open","ping_status":"open","sticky":false,"template":"","format":"standard","meta":{"jetpack_post_was_ever_published":false,"_jetpack_newsletter_access":"","_jetpack_dont_email_post_to_subs":false,"_jetpack_newsletter_tier_id":0,"_jetpack_memberships_contains_paywalled_content":false,"_jetpack_memberships_contains_paid_content":false,"footnotes":""},"categories":[1],"tags":[],"class_list":["post-2888","post","type-post","status-publish","format-standard","has-post-thumbnail","hentry","category-uncategorized"],"yoast_head":"<!-- This site is optimized with the Yoast SEO plugin v27.5 - https:\/\/yoast.com\/product\/yoast-seo-wordpress\/ -->\n<title>Jorquera. \u00daltima prueba del Circuito Provincial de Orientaci\u00f3n - BMT Casas de Ves<\/title>\n<meta name=\"robots\" content=\"index, follow, max-snippet:-1, max-image-preview:large, max-video-preview:-1\" \/>\n<link rel=\"canonical\" href=\"https:\/\/bmtcasasdeves.com\/index.php\/2019\/10\/02\/jorquera-ultima-prueba-del-circuito-provincial-de-orientacion\/\" \/>\n<meta property=\"og:locale\" content=\"es_ES\" \/>\n<meta property=\"og:type\" content=\"article\" \/>\n<meta property=\"og:title\" content=\"Jorquera. \u00daltima prueba del Circuito Provincial de Orientaci\u00f3n - BMT Casas de Ves\" \/>\n<meta property=\"og:description\" content=\"El circuito provincial de Orientaci\u00f3n \u00abDiputaci\u00f3n de Albacete\u00bb 2019 tiene su \u00faltima parada en Jorquera, con una carrera urbana el domingo 27 de Octubre. Un mapa de calles laber\u00ednticas, donde el antiguo castillo y las murallas almohades ser\u00e1n testigos de las carreras de los orientadores. Toda la info, disponible en la siguiente p\u00e1gina: https:\/\/bmtcasasdeves.wordpress.com\/jorquera-circuito-provincial-2019\/\" \/>\n<meta property=\"og:url\" content=\"https:\/\/bmtcasasdeves.com\/index.php\/2019\/10\/02\/jorquera-ultima-prueba-del-circuito-provincial-de-orientacion\/\" \/>\n<meta property=\"og:site_name\" content=\"BMT Casas de Ves\" \/>\n<meta property=\"article:published_time\" content=\"2019-10-02T11:50:39+00:00\" \/>\n<meta property=\"og:image\" content=\"https:\/\/bmtcasasdeves.com\/wp-content\/uploads\/2021\/02\/cropped-Banner-Web-01-2-scaled-1.jpg\" \/>\n\t<meta property=\"og:image:width\" content=\"2000\" \/>\n\t<meta property=\"og:image:height\" content=\"1200\" \/>\n\t<meta property=\"og:image:type\" content=\"image\/jpeg\" \/>\n<meta name=\"author\" content=\"BMT Casas de Ves\" \/>\n<meta name=\"twitter:card\" content=\"summary_large_image\" \/>\n<meta name=\"twitter:label1\" content=\"Escrito por\" \/>\n\t<meta name=\"twitter:data1\" content=\"BMT Casas de Ves\" \/>\n<script type=\"application\/ld+json\" class=\"yoast-schema-graph\">{\"@context\":\"https:\\\/\\\/schema.org\",\"@graph\":[{\"@type\":\"Article\",\"@id\":\"https:\\\/\\\/bmtcasasdeves.com\\\/index.php\\\/2019\\\/10\\\/02\\\/jorquera-ultima-prueba-del-circuito-provincial-de-orientacion\\\/#article\",\"isPartOf\":{\"@id\":\"https:\\\/\\\/bmtcasasdeves.com\\\/index.php\\\/2019\\\/10\\\/02\\\/jorquera-ultima-prueba-del-circuito-provincial-de-orientacion\\\/\"},\"author\":{\"name\":\"BMT Casas de Ves\",\"@id\":\"https:\\\/\\\/bmtcasasdeves.com\\\/#\\\/schema\\\/person\\\/6aaf35551234df423bb5324e8ed40abe\"},\"headline\":\"Jorquera. \u00daltima prueba del Circuito Provincial de Orientaci\u00f3n\",\"datePublished\":\"2019-10-02T11:50:39+00:00\",\"mainEntityOfPage\":{\"@id\":\"https:\\\/\\\/bmtcasasdeves.com\\\/index.php\\\/2019\\\/10\\\/02\\\/jorquera-ultima-prueba-del-circuito-provincial-de-orientacion\\\/\"},\"wordCount\":70,\"commentCount\":1,\"publisher\":{\"@id\":\"https:\\\/\\\/bmtcasasdeves.com\\\/#organization\"},\"image\":{\"@id\":\"https:\\\/\\\/bmtcasasdeves.com\\\/index.php\\\/2019\\\/10\\\/02\\\/jorquera-ultima-prueba-del-circuito-provincial-de-orientacion\\\/#primaryimage\"},\"thumbnailUrl\":\"\",\"articleSection\":[\"Uncategorized\"],\"inLanguage\":\"es\",\"potentialAction\":[{\"@type\":\"CommentAction\",\"name\":\"Comment\",\"target\":[\"https:\\\/\\\/bmtcasasdeves.com\\\/index.php\\\/2019\\\/10\\\/02\\\/jorquera-ultima-prueba-del-circuito-provincial-de-orientacion\\\/#respond\"]}]},{\"@type\":\"WebPage\",\"@id\":\"https:\\\/\\\/bmtcasasdeves.com\\\/index.php\\\/2019\\\/10\\\/02\\\/jorquera-ultima-prueba-del-circuito-provincial-de-orientacion\\\/\",\"url\":\"https:\\\/\\\/bmtcasasdeves.com\\\/index.php\\\/2019\\\/10\\\/02\\\/jorquera-ultima-prueba-del-circuito-provincial-de-orientacion\\\/\",\"name\":\"Jorquera. \u00daltima prueba del Circuito Provincial de Orientaci\u00f3n - BMT Casas de Ves\",\"isPartOf\":{\"@id\":\"https:\\\/\\\/bmtcasasdeves.com\\\/#website\"},\"primaryImageOfPage\":{\"@id\":\"https:\\\/\\\/bmtcasasdeves.com\\\/index.php\\\/2019\\\/10\\\/02\\\/jorquera-ultima-prueba-del-circuito-provincial-de-orientacion\\\/#primaryimage\"},\"image\":{\"@id\":\"https:\\\/\\\/bmtcasasdeves.com\\\/index.php\\\/2019\\\/10\\\/02\\\/jorquera-ultima-prueba-del-circuito-provincial-de-orientacion\\\/#primaryimage\"},\"thumbnailUrl\":\"\",\"datePublished\":\"2019-10-02T11:50:39+00:00\",\"breadcrumb\":{\"@id\":\"https:\\\/\\\/bmtcasasdeves.com\\\/index.php\\\/2019\\\/10\\\/02\\\/jorquera-ultima-prueba-del-circuito-provincial-de-orientacion\\\/#breadcrumb\"},\"inLanguage\":\"es\",\"potentialAction\":[{\"@type\":\"ReadAction\",\"target\":[\"https:\\\/\\\/bmtcasasdeves.com\\\/index.php\\\/2019\\\/10\\\/02\\\/jorquera-ultima-prueba-del-circuito-provincial-de-orientacion\\\/\"]}]},{\"@type\":\"ImageObject\",\"inLanguage\":\"es\",\"@id\":\"https:\\\/\\\/bmtcasasdeves.com\\\/index.php\\\/2019\\\/10\\\/02\\\/jorquera-ultima-prueba-del-circuito-provincial-de-orientacion\\\/#primaryimage\",\"url\":\"\",\"contentUrl\":\"\"},{\"@type\":\"BreadcrumbList\",\"@id\":\"https:\\\/\\\/bmtcasasdeves.com\\\/index.php\\\/2019\\\/10\\\/02\\\/jorquera-ultima-prueba-del-circuito-provincial-de-orientacion\\\/#breadcrumb\",\"itemListElement\":[{\"@type\":\"ListItem\",\"position\":1,\"name\":\"Portada\",\"item\":\"https:\\\/\\\/bmtcasasdeves.com\\\/\"},{\"@type\":\"ListItem\",\"position\":2,\"name\":\"Jorquera. \u00daltima prueba del Circuito Provincial de Orientaci\u00f3n\"}]},{\"@type\":\"WebSite\",\"@id\":\"https:\\\/\\\/bmtcasasdeves.com\\\/#website\",\"url\":\"https:\\\/\\\/bmtcasasdeves.com\\\/\",\"name\":\"BMT Casas de Ves\",\"description\":\"Club atletismo-orientaci\u00f3n-ciclismo de Casas de Ves\",\"publisher\":{\"@id\":\"https:\\\/\\\/bmtcasasdeves.com\\\/#organization\"},\"potentialAction\":[{\"@type\":\"SearchAction\",\"target\":{\"@type\":\"EntryPoint\",\"urlTemplate\":\"https:\\\/\\\/bmtcasasdeves.com\\\/?s={search_term_string}\"},\"query-input\":{\"@type\":\"PropertyValueSpecification\",\"valueRequired\":true,\"valueName\":\"search_term_string\"}}],\"inLanguage\":\"es\"},{\"@type\":\"Organization\",\"@id\":\"https:\\\/\\\/bmtcasasdeves.com\\\/#organization\",\"name\":\"BMT Casas de Ves\",\"url\":\"https:\\\/\\\/bmtcasasdeves.com\\\/\",\"logo\":{\"@type\":\"ImageObject\",\"inLanguage\":\"es\",\"@id\":\"https:\\\/\\\/bmtcasasdeves.com\\\/#\\\/schema\\\/logo\\\/image\\\/\",\"url\":\"https:\\\/\\\/bmtcasasdeves.com\\\/wp-content\\\/uploads\\\/2021\\\/02\\\/cropped-Banner-Web-01-2-scaled-1.jpg\",\"contentUrl\":\"https:\\\/\\\/bmtcasasdeves.com\\\/wp-content\\\/uploads\\\/2021\\\/02\\\/cropped-Banner-Web-01-2-scaled-1.jpg\",\"width\":2000,\"height\":1200,\"caption\":\"BMT Casas de Ves\"},\"image\":{\"@id\":\"https:\\\/\\\/bmtcasasdeves.com\\\/#\\\/schema\\\/logo\\\/image\\\/\"}},{\"@type\":\"Person\",\"@id\":\"https:\\\/\\\/bmtcasasdeves.com\\\/#\\\/schema\\\/person\\\/6aaf35551234df423bb5324e8ed40abe\",\"name\":\"BMT Casas de Ves\",\"image\":{\"@type\":\"ImageObject\",\"inLanguage\":\"es\",\"@id\":\"https:\\\/\\\/secure.gravatar.com\\\/avatar\\\/457b632d420b88231aa3bbd27aff181b637f25576d8cb722844b7d4ac9266025?s=96&d=mm&r=g\",\"url\":\"https:\\\/\\\/secure.gravatar.com\\\/avatar\\\/457b632d420b88231aa3bbd27aff181b637f25576d8cb722844b7d4ac9266025?s=96&d=mm&r=g\",\"contentUrl\":\"https:\\\/\\\/secure.gravatar.com\\\/avatar\\\/457b632d420b88231aa3bbd27aff181b637f25576d8cb722844b7d4ac9266025?s=96&d=mm&r=g\",\"caption\":\"BMT Casas de Ves\"},\"url\":\"https:\\\/\\\/bmtcasasdeves.com\\\/index.php\\\/author\\\/bmtcasasdeves\\\/\"}]}<\/script>\n<!-- \/ Yoast SEO plugin. -->","yoast_head_json":{"title":"Jorquera. \u00daltima prueba del Circuito Provincial de Orientaci\u00f3n - BMT Casas de Ves","robots":{"index":"index","follow":"follow","max-snippet":"max-snippet:-1","max-image-preview":"max-image-preview:large","max-video-preview":"max-video-preview:-1"},"canonical":"https:\/\/bmtcasasdeves.com\/index.php\/2019\/10\/02\/jorquera-ultima-prueba-del-circuito-provincial-de-orientacion\/","og_locale":"es_ES","og_type":"article","og_title":"Jorquera. \u00daltima prueba del Circuito Provincial de Orientaci\u00f3n - BMT Casas de Ves","og_description":"El circuito provincial de Orientaci\u00f3n \u00abDiputaci\u00f3n de Albacete\u00bb 2019 tiene su \u00faltima parada en Jorquera, con una carrera urbana el domingo 27 de Octubre. Un mapa de calles laber\u00ednticas, donde el antiguo castillo y las murallas almohades ser\u00e1n testigos de las carreras de los orientadores. Toda la info, disponible en la siguiente p\u00e1gina: https:\/\/bmtcasasdeves.wordpress.com\/jorquera-circuito-provincial-2019\/","og_url":"https:\/\/bmtcasasdeves.com\/index.php\/2019\/10\/02\/jorquera-ultima-prueba-del-circuito-provincial-de-orientacion\/","og_site_name":"BMT Casas de Ves","article_published_time":"2019-10-02T11:50:39+00:00","og_image":[{"width":2000,"height":1200,"url":"https:\/\/bmtcasasdeves.com\/wp-content\/uploads\/2021\/02\/cropped-Banner-Web-01-2-scaled-1.jpg","type":"image\/jpeg"}],"author":"BMT Casas de Ves","twitter_card":"summary_large_image","twitter_misc":{"Escrito por":"BMT Casas de Ves"},"schema":{"@context":"https:\/\/schema.org","@graph":[{"@type":"Article","@id":"https:\/\/bmtcasasdeves.com\/index.php\/2019\/10\/02\/jorquera-ultima-prueba-del-circuito-provincial-de-orientacion\/#article","isPartOf":{"@id":"https:\/\/bmtcasasdeves.com\/index.php\/2019\/10\/02\/jorquera-ultima-prueba-del-circuito-provincial-de-orientacion\/"},"author":{"name":"BMT Casas de Ves","@id":"https:\/\/bmtcasasdeves.com\/#\/schema\/person\/6aaf35551234df423bb5324e8ed40abe"},"headline":"Jorquera. \u00daltima prueba del Circuito Provincial de Orientaci\u00f3n","datePublished":"2019-10-02T11:50:39+00:00","mainEntityOfPage":{"@id":"https:\/\/bmtcasasdeves.com\/index.php\/2019\/10\/02\/jorquera-ultima-prueba-del-circuito-provincial-de-orientacion\/"},"wordCount":70,"commentCount":1,"publisher":{"@id":"https:\/\/bmtcasasdeves.com\/#organization"},"image":{"@id":"https:\/\/bmtcasasdeves.com\/index.php\/2019\/10\/02\/jorquera-ultima-prueba-del-circuito-provincial-de-orientacion\/#primaryimage"},"thumbnailUrl":"","articleSection":["Uncategorized"],"inLanguage":"es","potentialAction":[{"@type":"CommentAction","name":"Comment","target":["https:\/\/bmtcasasdeves.com\/index.php\/2019\/10\/02\/jorquera-ultima-prueba-del-circuito-provincial-de-orientacion\/#respond"]}]},{"@type":"WebPage","@id":"https:\/\/bmtcasasdeves.com\/index.php\/2019\/10\/02\/jorquera-ultima-prueba-del-circuito-provincial-de-orientacion\/","url":"https:\/\/bmtcasasdeves.com\/index.php\/2019\/10\/02\/jorquera-ultima-prueba-del-circuito-provincial-de-orientacion\/","name":"Jorquera. \u00daltima prueba del Circuito Provincial de Orientaci\u00f3n - BMT Casas de Ves","isPartOf":{"@id":"https:\/\/bmtcasasdeves.com\/#website"},"primaryImageOfPage":{"@id":"https:\/\/bmtcasasdeves.com\/index.php\/2019\/10\/02\/jorquera-ultima-prueba-del-circuito-provincial-de-orientacion\/#primaryimage"},"image":{"@id":"https:\/\/bmtcasasdeves.com\/index.php\/2019\/10\/02\/jorquera-ultima-prueba-del-circuito-provincial-de-orientacion\/#primaryimage"},"thumbnailUrl":"","datePublished":"2019-10-02T11:50:39+00:00","breadcrumb":{"@id":"https:\/\/bmtcasasdeves.com\/index.php\/2019\/10\/02\/jorquera-ultima-prueba-del-circuito-provincial-de-orientacion\/#breadcrumb"},"inLanguage":"es","potentialAction":[{"@type":"ReadAction","target":["https:\/\/bmtcasasdeves.com\/index.php\/2019\/10\/02\/jorquera-ultima-prueba-del-circuito-provincial-de-orientacion\/"]}]},{"@type":"ImageObject","inLanguage":"es","@id":"https:\/\/bmtcasasdeves.com\/index.php\/2019\/10\/02\/jorquera-ultima-prueba-del-circuito-provincial-de-orientacion\/#primaryimage","url":"","contentUrl":""},{"@type":"BreadcrumbList","@id":"https:\/\/bmtcasasdeves.com\/index.php\/2019\/10\/02\/jorquera-ultima-prueba-del-circuito-provincial-de-orientacion\/#breadcrumb","itemListElement":[{"@type":"ListItem","position":1,"name":"Portada","item":"https:\/\/bmtcasasdeves.com\/"},{"@type":"ListItem","position":2,"name":"Jorquera. \u00daltima prueba del Circuito Provincial de Orientaci\u00f3n"}]},{"@type":"WebSite","@id":"https:\/\/bmtcasasdeves.com\/#website","url":"https:\/\/bmtcasasdeves.com\/","name":"BMT Casas de Ves","description":"Club atletismo-orientaci\u00f3n-ciclismo de Casas de Ves","publisher":{"@id":"https:\/\/bmtcasasdeves.com\/#organization"},"potentialAction":[{"@type":"SearchAction","target":{"@type":"EntryPoint","urlTemplate":"https:\/\/bmtcasasdeves.com\/?s={search_term_string}"},"query-input":{"@type":"PropertyValueSpecification","valueRequired":true,"valueName":"search_term_string"}}],"inLanguage":"es"},{"@type":"Organization","@id":"https:\/\/bmtcasasdeves.com\/#organization","name":"BMT Casas de Ves","url":"https:\/\/bmtcasasdeves.com\/","logo":{"@type":"ImageObject","inLanguage":"es","@id":"https:\/\/bmtcasasdeves.com\/#\/schema\/logo\/image\/","url":"https:\/\/bmtcasasdeves.com\/wp-content\/uploads\/2021\/02\/cropped-Banner-Web-01-2-scaled-1.jpg","contentUrl":"https:\/\/bmtcasasdeves.com\/wp-content\/uploads\/2021\/02\/cropped-Banner-Web-01-2-scaled-1.jpg","width":2000,"height":1200,"caption":"BMT Casas de Ves"},"image":{"@id":"https:\/\/bmtcasasdeves.com\/#\/schema\/logo\/image\/"}},{"@type":"Person","@id":"https:\/\/bmtcasasdeves.com\/#\/schema\/person\/6aaf35551234df423bb5324e8ed40abe","name":"BMT Casas de Ves","image":{"@type":"ImageObject","inLanguage":"es","@id":"https:\/\/secure.gravatar.com\/avatar\/457b632d420b88231aa3bbd27aff181b637f25576d8cb722844b7d4ac9266025?s=96&d=mm&r=g","url":"https:\/\/secure.gravatar.com\/avatar\/457b632d420b88231aa3bbd27aff181b637f25576d8cb722844b7d4ac9266025?s=96&d=mm&r=g","contentUrl":"https:\/\/secure.gravatar.com\/avatar\/457b632d420b88231aa3bbd27aff181b637f25576d8cb722844b7d4ac9266025?s=96&d=mm&r=g","caption":"BMT Casas de Ves"},"url":"https:\/\/bmtcasasdeves.com\/index.php\/author\/bmtcasasdeves\/"}]}},"views":1126,"jetpack_featured_media_url":"","jetpack_sharing_enabled":true,"_links":{"self":[{"href":"https:\/\/bmtcasasdeves.com\/index.php\/wp-json\/wp\/v2\/posts\/2888","targetHints":{"allow":["GET"]}}],"collection":[{"href":"https:\/\/bmtcasasdeves.com\/index.php\/wp-json\/wp\/v2\/posts"}],"about":[{"href":"https:\/\/bmtcasasdeves.com\/index.php\/wp-json\/wp\/v2\/types\/post"}],"author":[{"embeddable":true,"href":"https:\/\/bmtcasasdeves.com\/index.php\/wp-json\/wp\/v2\/users\/3"}],"replies":[{"embeddable":true,"href":"https:\/\/bmtcasasdeves.com\/index.php\/wp-json\/wp\/v2\/comments?post=2888"}],"version-history":[{"count":0,"href":"https:\/\/bmtcasasdeves.com\/index.php\/wp-json\/wp\/v2\/posts\/2888\/revisions"}],"wp:featuredmedia":[{"embeddable":true,"href":"https:\/\/bmtcasasdeves.com\/index.php\/wp-json\/"}],"wp:attachment":[{"href":"https:\/\/bmtcasasdeves.com\/index.php\/wp-json\/wp\/v2\/media?parent=2888"}],"wp:term":[{"taxonomy":"category","embeddable":true,"href":"https:\/\/bmtcasasdeves.com\/index.php\/wp-json\/wp\/v2\/categories?post=2888"},{"taxonomy":"post_tag","embeddable":true,"href":"https:\/\/bmtcasasdeves.com\/index.php\/wp-json\/wp\/v2\/tags?post=2888"}],"curies":[{"name":"wp","href":"https:\/\/api.w.org\/{rel}","templated":true}]}}