{"id":2434,"date":"2018-09-26T20:28:46","date_gmt":"2018-09-26T19:28:46","guid":{"rendered":"https:\/\/bmtcasasdeves.wordpress.com\/?p=2434"},"modified":"2018-09-26T20:28:46","modified_gmt":"2018-09-26T19:28:46","slug":"actividad-de-difusion-de-la-orientacion-en-la-semana-europea-del-deporte","status":"publish","type":"post","link":"https:\/\/bmtcasasdeves.com\/index.php\/2018\/09\/26\/actividad-de-difusion-de-la-orientacion-en-la-semana-europea-del-deporte\/","title":{"rendered":"Actividad de difusi\u00f3n de la orientaci\u00f3n, en la Semana europea del Deporte."},"content":{"rendered":"<p style=\"text-align:justify;\">Con el lema #BeActive, la Junta de Comunidades de Castilla-La Mancha anima a los clubes\/centros de la regi\u00f3n a organizar actividades deportivas dentro de la Semana Europea del Deporte, del 24 al 30 de Septiembre de 2018.<\/p>\n<p style=\"text-align:justify;\"><img loading=\"lazy\" decoding=\"async\" class=\"alignnone size-full wp-image-2436\" src=\"https:\/\/bmtcasasdeves.files.wordpress.com\/2018\/09\/whatsapp-image-2018-09-26-at-21-11-38-1.jpeg\" alt=\"WhatsApp Image 2018-09-26 at 21.11.38 (1).jpeg\" width=\"1600\" height=\"1200\" \/><\/p>\n<p style=\"text-align:justify;\">Nuestro club, como ya viene haciendo 3 a\u00f1os consecutivos, se suma a esta convocatoria y participa con una actividad de orientaci\u00f3n. Este a\u00f1o ha sido en las instalaciones del campo de f\u00fatbol de Casas-Ib\u00e1\u00f1ez con 5 recorridos lineales de corta duraci\u00f3n, donde los chavales del colegio San Agust\u00edn (5\u00ba y 6\u00ba de Primaria) y del Instituto Bonifacio Sotos (1\u00ba de ESO) han probado suerte en este deporte y muchos han querido repetir haciendo otros recorridos.<\/p>\n<p><span style=\"text-decoration:underline;\"><img loading=\"lazy\" decoding=\"async\" class=\"alignnone size-full wp-image-2437\" src=\"https:\/\/bmtcasasdeves.files.wordpress.com\/2018\/09\/whatsapp-image-2018-09-26-at-21-11-38.jpeg\" alt=\"WhatsApp Image 2018-09-26 at 21.11.38\" width=\"1600\" height=\"1200\" \/><\/span><\/p>\n<p style=\"text-align:justify;\">La participaci\u00f3n exacta ha sido de 205 personas y la prueba ha contado con cronometraje Sportident.<\/p>\n<p style=\"text-align:justify;\">Los resultados de los cinco recorridos se pueden ver en el siguiente enlace:<\/p>\n<p style=\"text-align:center;\"><a title=\"SEMANA EUROPEA DEL DEPORTE, Resultados\" href=\"https:\/\/bmtcasasdeves.files.wordpress.com\/2018\/09\/semana-europea-del-deporte-resultados.pdf\" target=\"_blank\" rel=\"noopener\">[RESULTADOS]<\/a><\/p>\n<p>Este evento ha sido registrado en los portales oficiales, depormap y Consejo Superior de Deportes.<\/p>\n<p><a href=\"http:\/\/deportes.castillalamancha.es\/depormap\/actividad\/activdiades-sed-2108-carrera-de-orientacion\" target=\"_blank\" rel=\"noopener\">http:\/\/deportes.castillalamancha.es\/depormap\/actividad\/activdiades-sed-2108-carrera-de-orientacion<\/a><\/p>\n<p><a href=\"http:\/\/venus.csd.gob.es\/SemanaEuropeaDeporte\/BusquedaActividades.aspx?clr=1&amp;id=4101\" target=\"_blank\" rel=\"noopener\">http:\/\/venus.csd.gob.es\/SemanaEuropeaDeporte\/BusquedaActividades.aspx?clr=1&amp;id=4101<\/a><\/p>\n<p>&nbsp;<\/p>\n<p>&nbsp;<\/p>\n<p>&nbsp;<\/p>\n","protected":false},"excerpt":{"rendered":"<p>Con el lema #BeActive, la Junta de Comunidades de Castilla-La Mancha anima a los clubes\/centros de la regi\u00f3n a organizar actividades deportivas dentro de la Semana Europea del Deporte, del 24 al 30 de Septiembre de 2018. Nuestro club, como ya viene haciendo 3 a\u00f1os consecutivos, se suma a esta convocatoria y participa con una [&hellip;]<\/p>\n","protected":false},"author":3,"featured_media":2437,"comment_status":"open","ping_status":"open","sticky":false,"template":"","format":"standard","meta":{"jetpack_post_was_ever_published":false,"_jetpack_newsletter_access":"","_jetpack_dont_email_post_to_subs":false,"_jetpack_newsletter_tier_id":0,"_jetpack_memberships_contains_paywalled_content":false,"_jetpack_memberships_contains_paid_content":false,"footnotes":""},"categories":[27],"tags":[],"class_list":["post-2434","post","type-post","status-publish","format-standard","has-post-thumbnail","hentry","category-orientacion"],"yoast_head":"<!-- This site is optimized with the Yoast SEO plugin v27.5 - https:\/\/yoast.com\/product\/yoast-seo-wordpress\/ -->\n<title>Actividad de difusi\u00f3n de la orientaci\u00f3n, en la Semana europea del Deporte. - BMT Casas de Ves<\/title>\n<meta name=\"robots\" content=\"index, follow, max-snippet:-1, max-image-preview:large, max-video-preview:-1\" \/>\n<link rel=\"canonical\" href=\"https:\/\/bmtcasasdeves.com\/index.php\/2018\/09\/26\/actividad-de-difusion-de-la-orientacion-en-la-semana-europea-del-deporte\/\" \/>\n<meta property=\"og:locale\" content=\"es_ES\" \/>\n<meta property=\"og:type\" content=\"article\" \/>\n<meta property=\"og:title\" content=\"Actividad de difusi\u00f3n de la orientaci\u00f3n, en la Semana europea del Deporte. - BMT Casas de Ves\" \/>\n<meta property=\"og:description\" content=\"Con el lema #BeActive, la Junta de Comunidades de Castilla-La Mancha anima a los clubes\/centros de la regi\u00f3n a organizar actividades deportivas dentro de la Semana Europea del Deporte, del 24 al 30 de Septiembre de 2018. Nuestro club, como ya viene haciendo 3 a\u00f1os consecutivos, se suma a esta convocatoria y participa con una [&hellip;]\" \/>\n<meta property=\"og:url\" content=\"https:\/\/bmtcasasdeves.com\/index.php\/2018\/09\/26\/actividad-de-difusion-de-la-orientacion-en-la-semana-europea-del-deporte\/\" \/>\n<meta property=\"og:site_name\" content=\"BMT Casas de Ves\" \/>\n<meta property=\"article:published_time\" content=\"2018-09-26T19:28:46+00:00\" \/>\n<meta property=\"og:image\" content=\"https:\/\/bmtcasasdeves.com\/wp-content\/uploads\/2021\/02\/cropped-Banner-Web-01-2-scaled-1.jpg\" \/>\n\t<meta property=\"og:image:width\" content=\"2000\" \/>\n\t<meta property=\"og:image:height\" content=\"1200\" \/>\n\t<meta property=\"og:image:type\" content=\"image\/jpeg\" \/>\n<meta name=\"author\" content=\"BMT Casas de Ves\" \/>\n<meta name=\"twitter:card\" content=\"summary_large_image\" \/>\n<meta name=\"twitter:label1\" content=\"Escrito por\" \/>\n\t<meta name=\"twitter:data1\" content=\"BMT Casas de Ves\" \/>\n\t<meta name=\"twitter:label2\" content=\"Tiempo de lectura\" \/>\n\t<meta name=\"twitter:data2\" content=\"1 minuto\" \/>\n<script type=\"application\/ld+json\" class=\"yoast-schema-graph\">{\"@context\":\"https:\\\/\\\/schema.org\",\"@graph\":[{\"@type\":\"Article\",\"@id\":\"https:\\\/\\\/bmtcasasdeves.com\\\/index.php\\\/2018\\\/09\\\/26\\\/actividad-de-difusion-de-la-orientacion-en-la-semana-europea-del-deporte\\\/#article\",\"isPartOf\":{\"@id\":\"https:\\\/\\\/bmtcasasdeves.com\\\/index.php\\\/2018\\\/09\\\/26\\\/actividad-de-difusion-de-la-orientacion-en-la-semana-europea-del-deporte\\\/\"},\"author\":{\"name\":\"BMT Casas de Ves\",\"@id\":\"https:\\\/\\\/bmtcasasdeves.com\\\/#\\\/schema\\\/person\\\/6aaf35551234df423bb5324e8ed40abe\"},\"headline\":\"Actividad de difusi\u00f3n de la orientaci\u00f3n, en la Semana europea del Deporte.\",\"datePublished\":\"2018-09-26T19:28:46+00:00\",\"mainEntityOfPage\":{\"@id\":\"https:\\\/\\\/bmtcasasdeves.com\\\/index.php\\\/2018\\\/09\\\/26\\\/actividad-de-difusion-de-la-orientacion-en-la-semana-europea-del-deporte\\\/\"},\"wordCount\":194,\"commentCount\":0,\"publisher\":{\"@id\":\"https:\\\/\\\/bmtcasasdeves.com\\\/#organization\"},\"image\":{\"@id\":\"https:\\\/\\\/bmtcasasdeves.com\\\/index.php\\\/2018\\\/09\\\/26\\\/actividad-de-difusion-de-la-orientacion-en-la-semana-europea-del-deporte\\\/#primaryimage\"},\"thumbnailUrl\":\"\",\"articleSection\":[\"Orientaci\u00f3n\"],\"inLanguage\":\"es\",\"potentialAction\":[{\"@type\":\"CommentAction\",\"name\":\"Comment\",\"target\":[\"https:\\\/\\\/bmtcasasdeves.com\\\/index.php\\\/2018\\\/09\\\/26\\\/actividad-de-difusion-de-la-orientacion-en-la-semana-europea-del-deporte\\\/#respond\"]}]},{\"@type\":\"WebPage\",\"@id\":\"https:\\\/\\\/bmtcasasdeves.com\\\/index.php\\\/2018\\\/09\\\/26\\\/actividad-de-difusion-de-la-orientacion-en-la-semana-europea-del-deporte\\\/\",\"url\":\"https:\\\/\\\/bmtcasasdeves.com\\\/index.php\\\/2018\\\/09\\\/26\\\/actividad-de-difusion-de-la-orientacion-en-la-semana-europea-del-deporte\\\/\",\"name\":\"Actividad de difusi\u00f3n de la orientaci\u00f3n, en la Semana europea del Deporte. - BMT Casas de Ves\",\"isPartOf\":{\"@id\":\"https:\\\/\\\/bmtcasasdeves.com\\\/#website\"},\"primaryImageOfPage\":{\"@id\":\"https:\\\/\\\/bmtcasasdeves.com\\\/index.php\\\/2018\\\/09\\\/26\\\/actividad-de-difusion-de-la-orientacion-en-la-semana-europea-del-deporte\\\/#primaryimage\"},\"image\":{\"@id\":\"https:\\\/\\\/bmtcasasdeves.com\\\/index.php\\\/2018\\\/09\\\/26\\\/actividad-de-difusion-de-la-orientacion-en-la-semana-europea-del-deporte\\\/#primaryimage\"},\"thumbnailUrl\":\"\",\"datePublished\":\"2018-09-26T19:28:46+00:00\",\"breadcrumb\":{\"@id\":\"https:\\\/\\\/bmtcasasdeves.com\\\/index.php\\\/2018\\\/09\\\/26\\\/actividad-de-difusion-de-la-orientacion-en-la-semana-europea-del-deporte\\\/#breadcrumb\"},\"inLanguage\":\"es\",\"potentialAction\":[{\"@type\":\"ReadAction\",\"target\":[\"https:\\\/\\\/bmtcasasdeves.com\\\/index.php\\\/2018\\\/09\\\/26\\\/actividad-de-difusion-de-la-orientacion-en-la-semana-europea-del-deporte\\\/\"]}]},{\"@type\":\"ImageObject\",\"inLanguage\":\"es\",\"@id\":\"https:\\\/\\\/bmtcasasdeves.com\\\/index.php\\\/2018\\\/09\\\/26\\\/actividad-de-difusion-de-la-orientacion-en-la-semana-europea-del-deporte\\\/#primaryimage\",\"url\":\"\",\"contentUrl\":\"\"},{\"@type\":\"BreadcrumbList\",\"@id\":\"https:\\\/\\\/bmtcasasdeves.com\\\/index.php\\\/2018\\\/09\\\/26\\\/actividad-de-difusion-de-la-orientacion-en-la-semana-europea-del-deporte\\\/#breadcrumb\",\"itemListElement\":[{\"@type\":\"ListItem\",\"position\":1,\"name\":\"Portada\",\"item\":\"https:\\\/\\\/bmtcasasdeves.com\\\/\"},{\"@type\":\"ListItem\",\"position\":2,\"name\":\"Actividad de difusi\u00f3n de la orientaci\u00f3n, en la Semana europea del Deporte.\"}]},{\"@type\":\"WebSite\",\"@id\":\"https:\\\/\\\/bmtcasasdeves.com\\\/#website\",\"url\":\"https:\\\/\\\/bmtcasasdeves.com\\\/\",\"name\":\"BMT Casas de Ves\",\"description\":\"Club atletismo-orientaci\u00f3n-ciclismo de Casas de Ves\",\"publisher\":{\"@id\":\"https:\\\/\\\/bmtcasasdeves.com\\\/#organization\"},\"potentialAction\":[{\"@type\":\"SearchAction\",\"target\":{\"@type\":\"EntryPoint\",\"urlTemplate\":\"https:\\\/\\\/bmtcasasdeves.com\\\/?s={search_term_string}\"},\"query-input\":{\"@type\":\"PropertyValueSpecification\",\"valueRequired\":true,\"valueName\":\"search_term_string\"}}],\"inLanguage\":\"es\"},{\"@type\":\"Organization\",\"@id\":\"https:\\\/\\\/bmtcasasdeves.com\\\/#organization\",\"name\":\"BMT Casas de Ves\",\"url\":\"https:\\\/\\\/bmtcasasdeves.com\\\/\",\"logo\":{\"@type\":\"ImageObject\",\"inLanguage\":\"es\",\"@id\":\"https:\\\/\\\/bmtcasasdeves.com\\\/#\\\/schema\\\/logo\\\/image\\\/\",\"url\":\"https:\\\/\\\/bmtcasasdeves.com\\\/wp-content\\\/uploads\\\/2021\\\/02\\\/cropped-Banner-Web-01-2-scaled-1.jpg\",\"contentUrl\":\"https:\\\/\\\/bmtcasasdeves.com\\\/wp-content\\\/uploads\\\/2021\\\/02\\\/cropped-Banner-Web-01-2-scaled-1.jpg\",\"width\":2000,\"height\":1200,\"caption\":\"BMT Casas de Ves\"},\"image\":{\"@id\":\"https:\\\/\\\/bmtcasasdeves.com\\\/#\\\/schema\\\/logo\\\/image\\\/\"}},{\"@type\":\"Person\",\"@id\":\"https:\\\/\\\/bmtcasasdeves.com\\\/#\\\/schema\\\/person\\\/6aaf35551234df423bb5324e8ed40abe\",\"name\":\"BMT Casas de Ves\",\"image\":{\"@type\":\"ImageObject\",\"inLanguage\":\"es\",\"@id\":\"https:\\\/\\\/secure.gravatar.com\\\/avatar\\\/457b632d420b88231aa3bbd27aff181b637f25576d8cb722844b7d4ac9266025?s=96&d=mm&r=g\",\"url\":\"https:\\\/\\\/secure.gravatar.com\\\/avatar\\\/457b632d420b88231aa3bbd27aff181b637f25576d8cb722844b7d4ac9266025?s=96&d=mm&r=g\",\"contentUrl\":\"https:\\\/\\\/secure.gravatar.com\\\/avatar\\\/457b632d420b88231aa3bbd27aff181b637f25576d8cb722844b7d4ac9266025?s=96&d=mm&r=g\",\"caption\":\"BMT Casas de Ves\"},\"url\":\"https:\\\/\\\/bmtcasasdeves.com\\\/index.php\\\/author\\\/bmtcasasdeves\\\/\"}]}<\/script>\n<!-- \/ Yoast SEO plugin. -->","yoast_head_json":{"title":"Actividad de difusi\u00f3n de la orientaci\u00f3n, en la Semana europea del Deporte. - BMT Casas de Ves","robots":{"index":"index","follow":"follow","max-snippet":"max-snippet:-1","max-image-preview":"max-image-preview:large","max-video-preview":"max-video-preview:-1"},"canonical":"https:\/\/bmtcasasdeves.com\/index.php\/2018\/09\/26\/actividad-de-difusion-de-la-orientacion-en-la-semana-europea-del-deporte\/","og_locale":"es_ES","og_type":"article","og_title":"Actividad de difusi\u00f3n de la orientaci\u00f3n, en la Semana europea del Deporte. - BMT Casas de Ves","og_description":"Con el lema #BeActive, la Junta de Comunidades de Castilla-La Mancha anima a los clubes\/centros de la regi\u00f3n a organizar actividades deportivas dentro de la Semana Europea del Deporte, del 24 al 30 de Septiembre de 2018. Nuestro club, como ya viene haciendo 3 a\u00f1os consecutivos, se suma a esta convocatoria y participa con una [&hellip;]","og_url":"https:\/\/bmtcasasdeves.com\/index.php\/2018\/09\/26\/actividad-de-difusion-de-la-orientacion-en-la-semana-europea-del-deporte\/","og_site_name":"BMT Casas de Ves","article_published_time":"2018-09-26T19:28:46+00:00","og_image":[{"width":2000,"height":1200,"url":"https:\/\/bmtcasasdeves.com\/wp-content\/uploads\/2021\/02\/cropped-Banner-Web-01-2-scaled-1.jpg","type":"image\/jpeg"}],"author":"BMT Casas de Ves","twitter_card":"summary_large_image","twitter_misc":{"Escrito por":"BMT Casas de Ves","Tiempo de lectura":"1 minuto"},"schema":{"@context":"https:\/\/schema.org","@graph":[{"@type":"Article","@id":"https:\/\/bmtcasasdeves.com\/index.php\/2018\/09\/26\/actividad-de-difusion-de-la-orientacion-en-la-semana-europea-del-deporte\/#article","isPartOf":{"@id":"https:\/\/bmtcasasdeves.com\/index.php\/2018\/09\/26\/actividad-de-difusion-de-la-orientacion-en-la-semana-europea-del-deporte\/"},"author":{"name":"BMT Casas de Ves","@id":"https:\/\/bmtcasasdeves.com\/#\/schema\/person\/6aaf35551234df423bb5324e8ed40abe"},"headline":"Actividad de difusi\u00f3n de la orientaci\u00f3n, en la Semana europea del Deporte.","datePublished":"2018-09-26T19:28:46+00:00","mainEntityOfPage":{"@id":"https:\/\/bmtcasasdeves.com\/index.php\/2018\/09\/26\/actividad-de-difusion-de-la-orientacion-en-la-semana-europea-del-deporte\/"},"wordCount":194,"commentCount":0,"publisher":{"@id":"https:\/\/bmtcasasdeves.com\/#organization"},"image":{"@id":"https:\/\/bmtcasasdeves.com\/index.php\/2018\/09\/26\/actividad-de-difusion-de-la-orientacion-en-la-semana-europea-del-deporte\/#primaryimage"},"thumbnailUrl":"","articleSection":["Orientaci\u00f3n"],"inLanguage":"es","potentialAction":[{"@type":"CommentAction","name":"Comment","target":["https:\/\/bmtcasasdeves.com\/index.php\/2018\/09\/26\/actividad-de-difusion-de-la-orientacion-en-la-semana-europea-del-deporte\/#respond"]}]},{"@type":"WebPage","@id":"https:\/\/bmtcasasdeves.com\/index.php\/2018\/09\/26\/actividad-de-difusion-de-la-orientacion-en-la-semana-europea-del-deporte\/","url":"https:\/\/bmtcasasdeves.com\/index.php\/2018\/09\/26\/actividad-de-difusion-de-la-orientacion-en-la-semana-europea-del-deporte\/","name":"Actividad de difusi\u00f3n de la orientaci\u00f3n, en la Semana europea del Deporte. - BMT Casas de Ves","isPartOf":{"@id":"https:\/\/bmtcasasdeves.com\/#website"},"primaryImageOfPage":{"@id":"https:\/\/bmtcasasdeves.com\/index.php\/2018\/09\/26\/actividad-de-difusion-de-la-orientacion-en-la-semana-europea-del-deporte\/#primaryimage"},"image":{"@id":"https:\/\/bmtcasasdeves.com\/index.php\/2018\/09\/26\/actividad-de-difusion-de-la-orientacion-en-la-semana-europea-del-deporte\/#primaryimage"},"thumbnailUrl":"","datePublished":"2018-09-26T19:28:46+00:00","breadcrumb":{"@id":"https:\/\/bmtcasasdeves.com\/index.php\/2018\/09\/26\/actividad-de-difusion-de-la-orientacion-en-la-semana-europea-del-deporte\/#breadcrumb"},"inLanguage":"es","potentialAction":[{"@type":"ReadAction","target":["https:\/\/bmtcasasdeves.com\/index.php\/2018\/09\/26\/actividad-de-difusion-de-la-orientacion-en-la-semana-europea-del-deporte\/"]}]},{"@type":"ImageObject","inLanguage":"es","@id":"https:\/\/bmtcasasdeves.com\/index.php\/2018\/09\/26\/actividad-de-difusion-de-la-orientacion-en-la-semana-europea-del-deporte\/#primaryimage","url":"","contentUrl":""},{"@type":"BreadcrumbList","@id":"https:\/\/bmtcasasdeves.com\/index.php\/2018\/09\/26\/actividad-de-difusion-de-la-orientacion-en-la-semana-europea-del-deporte\/#breadcrumb","itemListElement":[{"@type":"ListItem","position":1,"name":"Portada","item":"https:\/\/bmtcasasdeves.com\/"},{"@type":"ListItem","position":2,"name":"Actividad de difusi\u00f3n de la orientaci\u00f3n, en la Semana europea del Deporte."}]},{"@type":"WebSite","@id":"https:\/\/bmtcasasdeves.com\/#website","url":"https:\/\/bmtcasasdeves.com\/","name":"BMT Casas de Ves","description":"Club atletismo-orientaci\u00f3n-ciclismo de Casas de Ves","publisher":{"@id":"https:\/\/bmtcasasdeves.com\/#organization"},"potentialAction":[{"@type":"SearchAction","target":{"@type":"EntryPoint","urlTemplate":"https:\/\/bmtcasasdeves.com\/?s={search_term_string}"},"query-input":{"@type":"PropertyValueSpecification","valueRequired":true,"valueName":"search_term_string"}}],"inLanguage":"es"},{"@type":"Organization","@id":"https:\/\/bmtcasasdeves.com\/#organization","name":"BMT Casas de Ves","url":"https:\/\/bmtcasasdeves.com\/","logo":{"@type":"ImageObject","inLanguage":"es","@id":"https:\/\/bmtcasasdeves.com\/#\/schema\/logo\/image\/","url":"https:\/\/bmtcasasdeves.com\/wp-content\/uploads\/2021\/02\/cropped-Banner-Web-01-2-scaled-1.jpg","contentUrl":"https:\/\/bmtcasasdeves.com\/wp-content\/uploads\/2021\/02\/cropped-Banner-Web-01-2-scaled-1.jpg","width":2000,"height":1200,"caption":"BMT Casas de Ves"},"image":{"@id":"https:\/\/bmtcasasdeves.com\/#\/schema\/logo\/image\/"}},{"@type":"Person","@id":"https:\/\/bmtcasasdeves.com\/#\/schema\/person\/6aaf35551234df423bb5324e8ed40abe","name":"BMT Casas de Ves","image":{"@type":"ImageObject","inLanguage":"es","@id":"https:\/\/secure.gravatar.com\/avatar\/457b632d420b88231aa3bbd27aff181b637f25576d8cb722844b7d4ac9266025?s=96&d=mm&r=g","url":"https:\/\/secure.gravatar.com\/avatar\/457b632d420b88231aa3bbd27aff181b637f25576d8cb722844b7d4ac9266025?s=96&d=mm&r=g","contentUrl":"https:\/\/secure.gravatar.com\/avatar\/457b632d420b88231aa3bbd27aff181b637f25576d8cb722844b7d4ac9266025?s=96&d=mm&r=g","caption":"BMT Casas de Ves"},"url":"https:\/\/bmtcasasdeves.com\/index.php\/author\/bmtcasasdeves\/"}]}},"views":1227,"jetpack_featured_media_url":"","jetpack_sharing_enabled":true,"_links":{"self":[{"href":"https:\/\/bmtcasasdeves.com\/index.php\/wp-json\/wp\/v2\/posts\/2434","targetHints":{"allow":["GET"]}}],"collection":[{"href":"https:\/\/bmtcasasdeves.com\/index.php\/wp-json\/wp\/v2\/posts"}],"about":[{"href":"https:\/\/bmtcasasdeves.com\/index.php\/wp-json\/wp\/v2\/types\/post"}],"author":[{"embeddable":true,"href":"https:\/\/bmtcasasdeves.com\/index.php\/wp-json\/wp\/v2\/users\/3"}],"replies":[{"embeddable":true,"href":"https:\/\/bmtcasasdeves.com\/index.php\/wp-json\/wp\/v2\/comments?post=2434"}],"version-history":[{"count":0,"href":"https:\/\/bmtcasasdeves.com\/index.php\/wp-json\/wp\/v2\/posts\/2434\/revisions"}],"wp:featuredmedia":[{"embeddable":true,"href":"https:\/\/bmtcasasdeves.com\/index.php\/wp-json\/"}],"wp:attachment":[{"href":"https:\/\/bmtcasasdeves.com\/index.php\/wp-json\/wp\/v2\/media?parent=2434"}],"wp:term":[{"taxonomy":"category","embeddable":true,"href":"https:\/\/bmtcasasdeves.com\/index.php\/wp-json\/wp\/v2\/categories?post=2434"},{"taxonomy":"post_tag","embeddable":true,"href":"https:\/\/bmtcasasdeves.com\/index.php\/wp-json\/wp\/v2\/tags?post=2434"}],"curies":[{"name":"wp","href":"https:\/\/api.w.org\/{rel}","templated":true}]}}