{"id":2340,"date":"2018-06-04T15:00:45","date_gmt":"2018-06-04T14:00:45","guid":{"rendered":"https:\/\/bmtcasasdeves.wordpress.com\/?p=2340"},"modified":"2018-06-04T15:00:45","modified_gmt":"2018-06-04T14:00:45","slug":"2-podiums-en-el-rogaine-6h-de-mtbo-orientabike-hellin-rio-mundo","status":"publish","type":"post","link":"https:\/\/bmtcasasdeves.com\/index.php\/2018\/06\/04\/2-podiums-en-el-rogaine-6h-de-mtbo-orientabike-hellin-rio-mundo\/","title":{"rendered":"2 podiums en el Rogaine 6h de MTBO \u00abOrientabike Hell\u00edn Rio Mundo\u00bb"},"content":{"rendered":"<p style=\"text-align:justify;\">La familia Villar, Jose Antonio y Pepe se trajeron de Hell\u00edn dos podiums en el Rogaine de Bicicleta de Monta\u00f1a \u00abOrientabike Hell\u00edn R\u00edo Mundo\u00bb que se celebraba el s\u00e1bado 2 de Junio. Una modalidad en las que los orientadores dispon\u00edan de 6 horas para visitar el mayor n\u00famero de controles, que dispon\u00edan de una puntuaci\u00f3n diferente, dependiendo de la distancia y de la dureza de los mismos.<\/p>\n<p style=\"text-align:justify;\">Jose Antonio Villar Peruga (padre), consigui\u00f3 la tercera plaza en M50 tras alcanzar 227 puntos. Por su parte, Jose Antonio Villar G\u00f3rriz (hijo), se alzaba tambi\u00e9n al tercer caj\u00f3n en M20, con 208 puntos.<\/p>\n<p style=\"text-align:justify;\"><a href=\"https:\/\/bmtcasasdeves.files.wordpress.com\/2018\/06\/2018-06-02-18-36-11.jpg\" target=\"_blank\" rel=\"noopener\"><img loading=\"lazy\" decoding=\"async\" class=\"alignnone size-full wp-image-2344\" src=\"https:\/\/bmtcasasdeves.files.wordpress.com\/2018\/06\/2018-06-02-18-36-11.jpg\" alt=\"2018-06-02 18.36.11.jpg\" width=\"1600\" height=\"1200\" \/><\/a><\/p>\n<p style=\"text-align:justify;\">La expedici\u00f3n bemetera se completaba con Juan Agust\u00edn Taranc\u00f3n, 6\u00ba en M50 y 198 puntos y Rami Mu\u00f1oz y Miguel Rold\u00e1n, participando en la categor\u00eda equipos siendo la 11\u00aa pareja con 183 puntos.<\/p>\n\n<p style=\"text-align:justify;\">Por la noche, 3 bemeteros (Eva Garc\u00eda, Edu Honrubia y Pablo Arjona) corr\u00edan la prueba 15K Nocturna Valencia, en un ambiente de atletismo espectacular.<\/p>\n\n<p style=\"text-align:justify;\">Y el domingo, la \u00faltima cita bemetera se daba en Engu\u00eddanos, en el I Sprint Trail Chorreras del Cabriel donde 4 integrantes del club participaban en esta prueba de 12 km y 500 m de desnivel. Destacar el 4\u00ba puesto en la general y 3\u00ba de la categor\u00eda senior de Javier Garc\u00eda con tan solo 15 a\u00f1os. Tambi\u00e9n participaron Carlos Jimenez, \u00c1ngel Murcia y Juanfran Murcia.<\/p>\n<p><img loading=\"lazy\" decoding=\"async\" class=\"alignnone size-full wp-image-2347\" src=\"https:\/\/bmtcasasdeves.files.wordpress.com\/2018\/06\/2018-06-03-15-33-02.jpg\" alt=\"2018-06-03 15.33.02.jpg\" width=\"1600\" height=\"1200\" \/><\/p>\n<p>El s\u00e1bado tambi\u00e9n fue la Asamblea General de la Federaci\u00f3n Espa\u00f1ola de Orientaci\u00f3n, donde se aprob\u00f3 el calendario de 2019, incluyendo la prueba que este club solicit\u00f3 para organizar el Trofeo Quijotes MTBO 2019 en Casas de Ves, dentro de la Liga Espa\u00f1ola de MTBO.<\/p>\n<p style=\"text-align:center;\"><a href=\"https:\/\/docs.google.com\/viewer?url=http:\/\/www.fedo.org\/web\/ficheros\/federacion\/jueces-arbitros\/calendarios\/Calendario-FEDO-2019.pdf\" target=\"_blank\" rel=\"noopener\">[CALENDARIO FEDO 2019<\/a>]<\/p>\n<p>La pr\u00f3xima cita para nuestros bemeteros ser\u00e1 doble, por un lado en el Nacimiento del R\u00edo Cuervo (Cuenca), en la prueba de la Liga de Castilla-La Mancha, y por otro, en Diezma (Granada), en la prueba de la Liga Espa\u00f1ola de Orientaci\u00f3n en Bicicleta de Monta\u00f1a.<\/p>\n","protected":false},"excerpt":{"rendered":"<p>La familia Villar, Jose Antonio y Pepe se trajeron de Hell\u00edn dos podiums en el Rogaine de Bicicleta de Monta\u00f1a \u00abOrientabike Hell\u00edn R\u00edo Mundo\u00bb que se celebraba el s\u00e1bado 2 de Junio. Una modalidad en las que los orientadores dispon\u00edan de 6 horas para visitar el mayor n\u00famero de controles, que dispon\u00edan de una puntuaci\u00f3n [&hellip;]<\/p>\n","protected":false},"author":3,"featured_media":2344,"comment_status":"open","ping_status":"open","sticky":false,"template":"","format":"standard","meta":{"jetpack_post_was_ever_published":false,"_jetpack_newsletter_access":"","_jetpack_dont_email_post_to_subs":false,"_jetpack_newsletter_tier_id":0,"_jetpack_memberships_contains_paywalled_content":false,"_jetpack_memberships_contains_paid_content":false,"footnotes":""},"categories":[1],"tags":[],"class_list":["post-2340","post","type-post","status-publish","format-standard","has-post-thumbnail","hentry","category-uncategorized"],"yoast_head":"<!-- This site is optimized with the Yoast SEO plugin v27.5 - https:\/\/yoast.com\/product\/yoast-seo-wordpress\/ -->\n<title>2 podiums en el Rogaine 6h de MTBO &quot;Orientabike Hell\u00edn Rio Mundo&quot; - BMT Casas de Ves<\/title>\n<meta name=\"robots\" content=\"index, follow, max-snippet:-1, max-image-preview:large, max-video-preview:-1\" \/>\n<link rel=\"canonical\" href=\"https:\/\/bmtcasasdeves.com\/index.php\/2018\/06\/04\/2-podiums-en-el-rogaine-6h-de-mtbo-orientabike-hellin-rio-mundo\/\" \/>\n<meta property=\"og:locale\" content=\"es_ES\" \/>\n<meta property=\"og:type\" content=\"article\" \/>\n<meta property=\"og:title\" content=\"2 podiums en el Rogaine 6h de MTBO &quot;Orientabike Hell\u00edn Rio Mundo&quot; - BMT Casas de Ves\" \/>\n<meta property=\"og:description\" content=\"La familia Villar, Jose Antonio y Pepe se trajeron de Hell\u00edn dos podiums en el Rogaine de Bicicleta de Monta\u00f1a \u00abOrientabike Hell\u00edn R\u00edo Mundo\u00bb que se celebraba el s\u00e1bado 2 de Junio. Una modalidad en las que los orientadores dispon\u00edan de 6 horas para visitar el mayor n\u00famero de controles, que dispon\u00edan de una puntuaci\u00f3n [&hellip;]\" \/>\n<meta property=\"og:url\" content=\"https:\/\/bmtcasasdeves.com\/index.php\/2018\/06\/04\/2-podiums-en-el-rogaine-6h-de-mtbo-orientabike-hellin-rio-mundo\/\" \/>\n<meta property=\"og:site_name\" content=\"BMT Casas de Ves\" \/>\n<meta property=\"article:published_time\" content=\"2018-06-04T14:00:45+00:00\" \/>\n<meta property=\"og:image\" content=\"https:\/\/bmtcasasdeves.com\/wp-content\/uploads\/2021\/02\/cropped-Banner-Web-01-2-scaled-1.jpg\" \/>\n\t<meta property=\"og:image:width\" content=\"2000\" \/>\n\t<meta property=\"og:image:height\" content=\"1200\" \/>\n\t<meta property=\"og:image:type\" content=\"image\/jpeg\" \/>\n<meta name=\"author\" content=\"BMT Casas de Ves\" \/>\n<meta name=\"twitter:card\" content=\"summary_large_image\" \/>\n<meta name=\"twitter:label1\" content=\"Escrito por\" \/>\n\t<meta name=\"twitter:data1\" content=\"BMT Casas de Ves\" \/>\n\t<meta name=\"twitter:label2\" content=\"Tiempo de lectura\" \/>\n\t<meta name=\"twitter:data2\" content=\"2 minutos\" \/>\n<script type=\"application\/ld+json\" class=\"yoast-schema-graph\">{\"@context\":\"https:\\\/\\\/schema.org\",\"@graph\":[{\"@type\":\"Article\",\"@id\":\"https:\\\/\\\/bmtcasasdeves.com\\\/index.php\\\/2018\\\/06\\\/04\\\/2-podiums-en-el-rogaine-6h-de-mtbo-orientabike-hellin-rio-mundo\\\/#article\",\"isPartOf\":{\"@id\":\"https:\\\/\\\/bmtcasasdeves.com\\\/index.php\\\/2018\\\/06\\\/04\\\/2-podiums-en-el-rogaine-6h-de-mtbo-orientabike-hellin-rio-mundo\\\/\"},\"author\":{\"name\":\"BMT Casas de Ves\",\"@id\":\"https:\\\/\\\/bmtcasasdeves.com\\\/#\\\/schema\\\/person\\\/6aaf35551234df423bb5324e8ed40abe\"},\"headline\":\"2 podiums en el Rogaine 6h de MTBO \u00abOrientabike Hell\u00edn Rio Mundo\u00bb\",\"datePublished\":\"2018-06-04T14:00:45+00:00\",\"mainEntityOfPage\":{\"@id\":\"https:\\\/\\\/bmtcasasdeves.com\\\/index.php\\\/2018\\\/06\\\/04\\\/2-podiums-en-el-rogaine-6h-de-mtbo-orientabike-hellin-rio-mundo\\\/\"},\"wordCount\":356,\"commentCount\":0,\"publisher\":{\"@id\":\"https:\\\/\\\/bmtcasasdeves.com\\\/#organization\"},\"image\":{\"@id\":\"https:\\\/\\\/bmtcasasdeves.com\\\/index.php\\\/2018\\\/06\\\/04\\\/2-podiums-en-el-rogaine-6h-de-mtbo-orientabike-hellin-rio-mundo\\\/#primaryimage\"},\"thumbnailUrl\":\"\",\"articleSection\":[\"Uncategorized\"],\"inLanguage\":\"es\",\"potentialAction\":[{\"@type\":\"CommentAction\",\"name\":\"Comment\",\"target\":[\"https:\\\/\\\/bmtcasasdeves.com\\\/index.php\\\/2018\\\/06\\\/04\\\/2-podiums-en-el-rogaine-6h-de-mtbo-orientabike-hellin-rio-mundo\\\/#respond\"]}]},{\"@type\":\"WebPage\",\"@id\":\"https:\\\/\\\/bmtcasasdeves.com\\\/index.php\\\/2018\\\/06\\\/04\\\/2-podiums-en-el-rogaine-6h-de-mtbo-orientabike-hellin-rio-mundo\\\/\",\"url\":\"https:\\\/\\\/bmtcasasdeves.com\\\/index.php\\\/2018\\\/06\\\/04\\\/2-podiums-en-el-rogaine-6h-de-mtbo-orientabike-hellin-rio-mundo\\\/\",\"name\":\"2 podiums en el Rogaine 6h de MTBO \\\"Orientabike Hell\u00edn Rio Mundo\\\" - BMT Casas de Ves\",\"isPartOf\":{\"@id\":\"https:\\\/\\\/bmtcasasdeves.com\\\/#website\"},\"primaryImageOfPage\":{\"@id\":\"https:\\\/\\\/bmtcasasdeves.com\\\/index.php\\\/2018\\\/06\\\/04\\\/2-podiums-en-el-rogaine-6h-de-mtbo-orientabike-hellin-rio-mundo\\\/#primaryimage\"},\"image\":{\"@id\":\"https:\\\/\\\/bmtcasasdeves.com\\\/index.php\\\/2018\\\/06\\\/04\\\/2-podiums-en-el-rogaine-6h-de-mtbo-orientabike-hellin-rio-mundo\\\/#primaryimage\"},\"thumbnailUrl\":\"\",\"datePublished\":\"2018-06-04T14:00:45+00:00\",\"breadcrumb\":{\"@id\":\"https:\\\/\\\/bmtcasasdeves.com\\\/index.php\\\/2018\\\/06\\\/04\\\/2-podiums-en-el-rogaine-6h-de-mtbo-orientabike-hellin-rio-mundo\\\/#breadcrumb\"},\"inLanguage\":\"es\",\"potentialAction\":[{\"@type\":\"ReadAction\",\"target\":[\"https:\\\/\\\/bmtcasasdeves.com\\\/index.php\\\/2018\\\/06\\\/04\\\/2-podiums-en-el-rogaine-6h-de-mtbo-orientabike-hellin-rio-mundo\\\/\"]}]},{\"@type\":\"ImageObject\",\"inLanguage\":\"es\",\"@id\":\"https:\\\/\\\/bmtcasasdeves.com\\\/index.php\\\/2018\\\/06\\\/04\\\/2-podiums-en-el-rogaine-6h-de-mtbo-orientabike-hellin-rio-mundo\\\/#primaryimage\",\"url\":\"\",\"contentUrl\":\"\"},{\"@type\":\"BreadcrumbList\",\"@id\":\"https:\\\/\\\/bmtcasasdeves.com\\\/index.php\\\/2018\\\/06\\\/04\\\/2-podiums-en-el-rogaine-6h-de-mtbo-orientabike-hellin-rio-mundo\\\/#breadcrumb\",\"itemListElement\":[{\"@type\":\"ListItem\",\"position\":1,\"name\":\"Portada\",\"item\":\"https:\\\/\\\/bmtcasasdeves.com\\\/\"},{\"@type\":\"ListItem\",\"position\":2,\"name\":\"2 podiums en el Rogaine 6h de MTBO &#8220;Orientabike Hell\u00edn Rio Mundo&#8221;\"}]},{\"@type\":\"WebSite\",\"@id\":\"https:\\\/\\\/bmtcasasdeves.com\\\/#website\",\"url\":\"https:\\\/\\\/bmtcasasdeves.com\\\/\",\"name\":\"BMT Casas de Ves\",\"description\":\"Club atletismo-orientaci\u00f3n-ciclismo de Casas de Ves\",\"publisher\":{\"@id\":\"https:\\\/\\\/bmtcasasdeves.com\\\/#organization\"},\"potentialAction\":[{\"@type\":\"SearchAction\",\"target\":{\"@type\":\"EntryPoint\",\"urlTemplate\":\"https:\\\/\\\/bmtcasasdeves.com\\\/?s={search_term_string}\"},\"query-input\":{\"@type\":\"PropertyValueSpecification\",\"valueRequired\":true,\"valueName\":\"search_term_string\"}}],\"inLanguage\":\"es\"},{\"@type\":\"Organization\",\"@id\":\"https:\\\/\\\/bmtcasasdeves.com\\\/#organization\",\"name\":\"BMT Casas de Ves\",\"url\":\"https:\\\/\\\/bmtcasasdeves.com\\\/\",\"logo\":{\"@type\":\"ImageObject\",\"inLanguage\":\"es\",\"@id\":\"https:\\\/\\\/bmtcasasdeves.com\\\/#\\\/schema\\\/logo\\\/image\\\/\",\"url\":\"https:\\\/\\\/bmtcasasdeves.com\\\/wp-content\\\/uploads\\\/2021\\\/02\\\/cropped-Banner-Web-01-2-scaled-1.jpg\",\"contentUrl\":\"https:\\\/\\\/bmtcasasdeves.com\\\/wp-content\\\/uploads\\\/2021\\\/02\\\/cropped-Banner-Web-01-2-scaled-1.jpg\",\"width\":2000,\"height\":1200,\"caption\":\"BMT Casas de Ves\"},\"image\":{\"@id\":\"https:\\\/\\\/bmtcasasdeves.com\\\/#\\\/schema\\\/logo\\\/image\\\/\"}},{\"@type\":\"Person\",\"@id\":\"https:\\\/\\\/bmtcasasdeves.com\\\/#\\\/schema\\\/person\\\/6aaf35551234df423bb5324e8ed40abe\",\"name\":\"BMT Casas de Ves\",\"image\":{\"@type\":\"ImageObject\",\"inLanguage\":\"es\",\"@id\":\"https:\\\/\\\/secure.gravatar.com\\\/avatar\\\/457b632d420b88231aa3bbd27aff181b637f25576d8cb722844b7d4ac9266025?s=96&d=mm&r=g\",\"url\":\"https:\\\/\\\/secure.gravatar.com\\\/avatar\\\/457b632d420b88231aa3bbd27aff181b637f25576d8cb722844b7d4ac9266025?s=96&d=mm&r=g\",\"contentUrl\":\"https:\\\/\\\/secure.gravatar.com\\\/avatar\\\/457b632d420b88231aa3bbd27aff181b637f25576d8cb722844b7d4ac9266025?s=96&d=mm&r=g\",\"caption\":\"BMT Casas de Ves\"},\"url\":\"https:\\\/\\\/bmtcasasdeves.com\\\/index.php\\\/author\\\/bmtcasasdeves\\\/\"}]}<\/script>\n<!-- \/ Yoast SEO plugin. -->","yoast_head_json":{"title":"2 podiums en el Rogaine 6h de MTBO \"Orientabike Hell\u00edn Rio Mundo\" - BMT Casas de Ves","robots":{"index":"index","follow":"follow","max-snippet":"max-snippet:-1","max-image-preview":"max-image-preview:large","max-video-preview":"max-video-preview:-1"},"canonical":"https:\/\/bmtcasasdeves.com\/index.php\/2018\/06\/04\/2-podiums-en-el-rogaine-6h-de-mtbo-orientabike-hellin-rio-mundo\/","og_locale":"es_ES","og_type":"article","og_title":"2 podiums en el Rogaine 6h de MTBO \"Orientabike Hell\u00edn Rio Mundo\" - BMT Casas de Ves","og_description":"La familia Villar, Jose Antonio y Pepe se trajeron de Hell\u00edn dos podiums en el Rogaine de Bicicleta de Monta\u00f1a \u00abOrientabike Hell\u00edn R\u00edo Mundo\u00bb que se celebraba el s\u00e1bado 2 de Junio. Una modalidad en las que los orientadores dispon\u00edan de 6 horas para visitar el mayor n\u00famero de controles, que dispon\u00edan de una puntuaci\u00f3n [&hellip;]","og_url":"https:\/\/bmtcasasdeves.com\/index.php\/2018\/06\/04\/2-podiums-en-el-rogaine-6h-de-mtbo-orientabike-hellin-rio-mundo\/","og_site_name":"BMT Casas de Ves","article_published_time":"2018-06-04T14:00:45+00:00","og_image":[{"width":2000,"height":1200,"url":"https:\/\/bmtcasasdeves.com\/wp-content\/uploads\/2021\/02\/cropped-Banner-Web-01-2-scaled-1.jpg","type":"image\/jpeg"}],"author":"BMT Casas de Ves","twitter_card":"summary_large_image","twitter_misc":{"Escrito por":"BMT Casas de Ves","Tiempo de lectura":"2 minutos"},"schema":{"@context":"https:\/\/schema.org","@graph":[{"@type":"Article","@id":"https:\/\/bmtcasasdeves.com\/index.php\/2018\/06\/04\/2-podiums-en-el-rogaine-6h-de-mtbo-orientabike-hellin-rio-mundo\/#article","isPartOf":{"@id":"https:\/\/bmtcasasdeves.com\/index.php\/2018\/06\/04\/2-podiums-en-el-rogaine-6h-de-mtbo-orientabike-hellin-rio-mundo\/"},"author":{"name":"BMT Casas de Ves","@id":"https:\/\/bmtcasasdeves.com\/#\/schema\/person\/6aaf35551234df423bb5324e8ed40abe"},"headline":"2 podiums en el Rogaine 6h de MTBO \u00abOrientabike Hell\u00edn Rio Mundo\u00bb","datePublished":"2018-06-04T14:00:45+00:00","mainEntityOfPage":{"@id":"https:\/\/bmtcasasdeves.com\/index.php\/2018\/06\/04\/2-podiums-en-el-rogaine-6h-de-mtbo-orientabike-hellin-rio-mundo\/"},"wordCount":356,"commentCount":0,"publisher":{"@id":"https:\/\/bmtcasasdeves.com\/#organization"},"image":{"@id":"https:\/\/bmtcasasdeves.com\/index.php\/2018\/06\/04\/2-podiums-en-el-rogaine-6h-de-mtbo-orientabike-hellin-rio-mundo\/#primaryimage"},"thumbnailUrl":"","articleSection":["Uncategorized"],"inLanguage":"es","potentialAction":[{"@type":"CommentAction","name":"Comment","target":["https:\/\/bmtcasasdeves.com\/index.php\/2018\/06\/04\/2-podiums-en-el-rogaine-6h-de-mtbo-orientabike-hellin-rio-mundo\/#respond"]}]},{"@type":"WebPage","@id":"https:\/\/bmtcasasdeves.com\/index.php\/2018\/06\/04\/2-podiums-en-el-rogaine-6h-de-mtbo-orientabike-hellin-rio-mundo\/","url":"https:\/\/bmtcasasdeves.com\/index.php\/2018\/06\/04\/2-podiums-en-el-rogaine-6h-de-mtbo-orientabike-hellin-rio-mundo\/","name":"2 podiums en el Rogaine 6h de MTBO \"Orientabike Hell\u00edn Rio Mundo\" - BMT Casas de Ves","isPartOf":{"@id":"https:\/\/bmtcasasdeves.com\/#website"},"primaryImageOfPage":{"@id":"https:\/\/bmtcasasdeves.com\/index.php\/2018\/06\/04\/2-podiums-en-el-rogaine-6h-de-mtbo-orientabike-hellin-rio-mundo\/#primaryimage"},"image":{"@id":"https:\/\/bmtcasasdeves.com\/index.php\/2018\/06\/04\/2-podiums-en-el-rogaine-6h-de-mtbo-orientabike-hellin-rio-mundo\/#primaryimage"},"thumbnailUrl":"","datePublished":"2018-06-04T14:00:45+00:00","breadcrumb":{"@id":"https:\/\/bmtcasasdeves.com\/index.php\/2018\/06\/04\/2-podiums-en-el-rogaine-6h-de-mtbo-orientabike-hellin-rio-mundo\/#breadcrumb"},"inLanguage":"es","potentialAction":[{"@type":"ReadAction","target":["https:\/\/bmtcasasdeves.com\/index.php\/2018\/06\/04\/2-podiums-en-el-rogaine-6h-de-mtbo-orientabike-hellin-rio-mundo\/"]}]},{"@type":"ImageObject","inLanguage":"es","@id":"https:\/\/bmtcasasdeves.com\/index.php\/2018\/06\/04\/2-podiums-en-el-rogaine-6h-de-mtbo-orientabike-hellin-rio-mundo\/#primaryimage","url":"","contentUrl":""},{"@type":"BreadcrumbList","@id":"https:\/\/bmtcasasdeves.com\/index.php\/2018\/06\/04\/2-podiums-en-el-rogaine-6h-de-mtbo-orientabike-hellin-rio-mundo\/#breadcrumb","itemListElement":[{"@type":"ListItem","position":1,"name":"Portada","item":"https:\/\/bmtcasasdeves.com\/"},{"@type":"ListItem","position":2,"name":"2 podiums en el Rogaine 6h de MTBO &#8220;Orientabike Hell\u00edn Rio Mundo&#8221;"}]},{"@type":"WebSite","@id":"https:\/\/bmtcasasdeves.com\/#website","url":"https:\/\/bmtcasasdeves.com\/","name":"BMT Casas de Ves","description":"Club atletismo-orientaci\u00f3n-ciclismo de Casas de Ves","publisher":{"@id":"https:\/\/bmtcasasdeves.com\/#organization"},"potentialAction":[{"@type":"SearchAction","target":{"@type":"EntryPoint","urlTemplate":"https:\/\/bmtcasasdeves.com\/?s={search_term_string}"},"query-input":{"@type":"PropertyValueSpecification","valueRequired":true,"valueName":"search_term_string"}}],"inLanguage":"es"},{"@type":"Organization","@id":"https:\/\/bmtcasasdeves.com\/#organization","name":"BMT Casas de Ves","url":"https:\/\/bmtcasasdeves.com\/","logo":{"@type":"ImageObject","inLanguage":"es","@id":"https:\/\/bmtcasasdeves.com\/#\/schema\/logo\/image\/","url":"https:\/\/bmtcasasdeves.com\/wp-content\/uploads\/2021\/02\/cropped-Banner-Web-01-2-scaled-1.jpg","contentUrl":"https:\/\/bmtcasasdeves.com\/wp-content\/uploads\/2021\/02\/cropped-Banner-Web-01-2-scaled-1.jpg","width":2000,"height":1200,"caption":"BMT Casas de Ves"},"image":{"@id":"https:\/\/bmtcasasdeves.com\/#\/schema\/logo\/image\/"}},{"@type":"Person","@id":"https:\/\/bmtcasasdeves.com\/#\/schema\/person\/6aaf35551234df423bb5324e8ed40abe","name":"BMT Casas de Ves","image":{"@type":"ImageObject","inLanguage":"es","@id":"https:\/\/secure.gravatar.com\/avatar\/457b632d420b88231aa3bbd27aff181b637f25576d8cb722844b7d4ac9266025?s=96&d=mm&r=g","url":"https:\/\/secure.gravatar.com\/avatar\/457b632d420b88231aa3bbd27aff181b637f25576d8cb722844b7d4ac9266025?s=96&d=mm&r=g","contentUrl":"https:\/\/secure.gravatar.com\/avatar\/457b632d420b88231aa3bbd27aff181b637f25576d8cb722844b7d4ac9266025?s=96&d=mm&r=g","caption":"BMT Casas de Ves"},"url":"https:\/\/bmtcasasdeves.com\/index.php\/author\/bmtcasasdeves\/"}]}},"views":1190,"jetpack_featured_media_url":"","jetpack_sharing_enabled":true,"_links":{"self":[{"href":"https:\/\/bmtcasasdeves.com\/index.php\/wp-json\/wp\/v2\/posts\/2340","targetHints":{"allow":["GET"]}}],"collection":[{"href":"https:\/\/bmtcasasdeves.com\/index.php\/wp-json\/wp\/v2\/posts"}],"about":[{"href":"https:\/\/bmtcasasdeves.com\/index.php\/wp-json\/wp\/v2\/types\/post"}],"author":[{"embeddable":true,"href":"https:\/\/bmtcasasdeves.com\/index.php\/wp-json\/wp\/v2\/users\/3"}],"replies":[{"embeddable":true,"href":"https:\/\/bmtcasasdeves.com\/index.php\/wp-json\/wp\/v2\/comments?post=2340"}],"version-history":[{"count":0,"href":"https:\/\/bmtcasasdeves.com\/index.php\/wp-json\/wp\/v2\/posts\/2340\/revisions"}],"wp:featuredmedia":[{"embeddable":true,"href":"https:\/\/bmtcasasdeves.com\/index.php\/wp-json\/"}],"wp:attachment":[{"href":"https:\/\/bmtcasasdeves.com\/index.php\/wp-json\/wp\/v2\/media?parent=2340"}],"wp:term":[{"taxonomy":"category","embeddable":true,"href":"https:\/\/bmtcasasdeves.com\/index.php\/wp-json\/wp\/v2\/categories?post=2340"},{"taxonomy":"post_tag","embeddable":true,"href":"https:\/\/bmtcasasdeves.com\/index.php\/wp-json\/wp\/v2\/tags?post=2340"}],"curies":[{"name":"wp","href":"https:\/\/api.w.org\/{rel}","templated":true}]}}