{"id":2005,"date":"2017-12-31T10:45:26","date_gmt":"2017-12-31T09:45:26","guid":{"rendered":"https:\/\/bmtcasasdeves.wordpress.com\/?p=2005"},"modified":"2017-12-31T10:45:26","modified_gmt":"2017-12-31T09:45:26","slug":"f-javier-cuenca-y-gelen-munoz-se-alzan-con-la-v-san-silvestre-casasdevesana","status":"publish","type":"post","link":"https:\/\/bmtcasasdeves.com\/index.php\/2017\/12\/31\/f-javier-cuenca-y-gelen-munoz-se-alzan-con-la-v-san-silvestre-casasdevesana\/","title":{"rendered":"F. Javier Cuenca y Gelen Mu\u00f1oz se alzan con la V San Silvestre Casasdevesana"},"content":{"rendered":"<p style=\"text-align:justify;\">La quinta edici\u00f3n de la San Silvestre Casasdevesana se llev\u00f3 a cabo el s\u00e1bado 30 de Diciembre de 2017, una ma\u00f1ana muy agradable donde la climatolog\u00eda acompa\u00f1\u00f3 en un d\u00eda de atletismo popular.<\/p>\n<p><img loading=\"lazy\" decoding=\"async\" class=\"alignnone size-full wp-image-2012\" src=\"https:\/\/bmtcasasdeves.com\/wp-content\/uploads\/2017\/12\/3012473700a_8791.jpg\" alt=\"3012473700A_8791.jpg\" width=\"3082\" height=\"2041\" \/><\/p>\n<p style=\"text-align:justify;\">Una carrera de 6K donde el record lo ostentaban Jose \u00c1ngel Leal (20:51) y Gelen Mu\u00f1oz (23:39), lo que hac\u00eda que estos dos corredores del Club Atletismo Iba\u00f1\u00e9s fueran los candidatos a la victoria. Una lesi\u00f3n impidi\u00f3 a Jose \u00c1ngel poder participar en esta carrera.<\/p>\n<p style=\"text-align:justify;\">Tras recorrer los 6000 metros por las calles casasdevesanas, era Francisco Javier Cuenca (Atl\u00e9tico Novelda) quien entraba el primero en la l\u00ednea de meta, parando el cron\u00f3metro en 22&#8217;06\u00bb, un tiempo muy similar al que hizo el a\u00f1o pasado (21&#8217;49\u00bb). Lo acompa\u00f1aron en el podium el atleta local Juan Trueba Valera (22&#8217;27\u00bb) y Javier Mu\u00f1oz Hinojo (Serrano Club Atletismo; 22&#8217;30\u00bb).<\/p>\n<p><img loading=\"lazy\" decoding=\"async\" class=\"alignnone size-full wp-image-2008\" src=\"https:\/\/bmtcasasdeves.com\/wp-content\/uploads\/2017\/12\/30120938img_2945.jpg\" alt=\"30120938IMG_2945.jpg\" width=\"4752\" height=\"3168\" \/><\/p>\n<p style=\"text-align:justify;\">En categor\u00eda femenina, la incombustible Gelen Mu\u00f1oz (CA Iba\u00f1\u00e9s) se alzaba con la victoria por quinto a\u00f1o consecutivo, desmostrando que esta es \u00absu\u00bb carrera pese que las lesiones este a\u00f1o la han tenido un poco abandonada de las carreras. La segunda plaza fue para su compa\u00f1era de club Isidora Delicado y complet\u00f3 el Podium Pilar Moyano (independiente)<\/p>\n<p><img loading=\"lazy\" decoding=\"async\" class=\"alignnone size-full wp-image-2011\" src=\"https:\/\/bmtcasasdeves.com\/wp-content\/uploads\/2017\/12\/30131922img_32601.jpg\" alt=\"30131922IMG_3260.jpg\" width=\"4752\" height=\"3168\" \/><\/p>\n<p style=\"text-align:justify;\">En categor\u00eda cadete vencieron Javier Garc\u00eda y Teresa Murcia (ambos del BMT Casas de Ves), escoltados en el podium por Jose Antonio Villar (BMT Casas de Ves) y Ciro Mart\u00edn (C.A. Iba\u00f1\u00e9s)<\/p>\n<p style=\"text-align:justify;\">Por su parte, en categor\u00eda infantil los 3 primeros chicos fueron Ernesto Mart\u00ednez (Villamalea Orientaci\u00f3n), Fernando Mart\u00ednez (Villamalea Orientaci\u00f3n) y Cesar Hern\u00e1ndez (BMT Casas de Ves). En chicas Ang\u00e9lica L\u00f3pez venci\u00f3 en esta categor\u00eda.<\/p>\n<p><img loading=\"lazy\" decoding=\"async\" class=\"alignnone size-full wp-image-2010\" src=\"https:\/\/bmtcasasdeves.com\/wp-content\/uploads\/2017\/12\/3014270700a_9290.jpg\" alt=\"3014270700A_9290.jpg\" width=\"4928\" height=\"3264\" \/><\/p>\n<p style=\"text-align:justify;\">Como viene siendo habitual, se premia los mejores disfraces, que en esta ocasi\u00f3n fueron para el coche, el explorador y el \u00e1rbol de navidad. El jam\u00f3n para el club m\u00e1s numeroso fue para el C.A. Iba\u00f1\u00e9s.<\/p>\n<div id='gallery-1' class='gallery galleryid-2005 gallery-columns-3 gallery-size-thumbnail'><figure class='gallery-item'>\n\t\t\t<div class='gallery-icon landscape'>\n\t\t\t\t<a href='https:\/\/bmtcasasdeves.com\/index.php\/2017\/12\/31\/f-javier-cuenca-y-gelen-munoz-se-alzan-con-la-v-san-silvestre-casasdevesana\/30132035img_3265\/'><img loading=\"lazy\" decoding=\"async\" width=\"150\" height=\"150\" src=\"https:\/\/bmtcasasdeves.com\/wp-content\/uploads\/2017\/12\/30132035img_3265-150x150.jpg\" class=\"attachment-thumbnail size-thumbnail\" alt=\"\" srcset=\"https:\/\/bmtcasasdeves.com\/wp-content\/uploads\/2017\/12\/30132035img_3265-150x150.jpg 150w, https:\/\/bmtcasasdeves.com\/wp-content\/uploads\/2017\/12\/30132035img_3265-300x300.jpg 300w, https:\/\/bmtcasasdeves.com\/wp-content\/uploads\/2017\/12\/30132035img_3265-100x100.jpg 100w\" sizes=\"auto, (max-width: 150px) 100vw, 150px\" \/><\/a>\n\t\t\t<\/div><\/figure><figure class='gallery-item'>\n\t\t\t<div class='gallery-icon landscape'>\n\t\t\t\t<a href='https:\/\/bmtcasasdeves.com\/index.php\/2017\/12\/31\/f-javier-cuenca-y-gelen-munoz-se-alzan-con-la-v-san-silvestre-casasdevesana\/30132210img_3275\/'><img loading=\"lazy\" decoding=\"async\" width=\"150\" height=\"150\" src=\"https:\/\/bmtcasasdeves.com\/wp-content\/uploads\/2017\/12\/30132210img_3275-150x150.jpg\" class=\"attachment-thumbnail size-thumbnail\" alt=\"\" srcset=\"https:\/\/bmtcasasdeves.com\/wp-content\/uploads\/2017\/12\/30132210img_3275-150x150.jpg 150w, https:\/\/bmtcasasdeves.com\/wp-content\/uploads\/2017\/12\/30132210img_3275-300x300.jpg 300w, https:\/\/bmtcasasdeves.com\/wp-content\/uploads\/2017\/12\/30132210img_3275-100x100.jpg 100w\" sizes=\"auto, (max-width: 150px) 100vw, 150px\" \/><\/a>\n\t\t\t<\/div><\/figure>\n\t\t<\/div>\n\n<p style=\"text-align:center;\"><a href=\"http:\/\/www.racetecresults.com\/Results.aspx?CId=19807&amp;RId=19\" target=\"_blank\" rel=\"noopener\">[RESULTADOS]<\/a><\/p>\n<p style=\"text-align:center;\"><a href=\"https:\/\/photos.app.goo.gl\/xrJ1KqltN5ofAQpL2\" target=\"_blank\" rel=\"noopener\">[FOTOS ANTONIO ROYO]<\/a><\/p>\n<p style=\"text-align:center;\"><a href=\"https:\/\/photos.app.goo.gl\/qb4DjCHbJGKlXt0G3\" target=\"_blank\" rel=\"noopener\">[FOTOS ANA ADELA CERNICHARO]<\/a><\/p>\n<p>M\u00e1s informaci\u00f3n en www.bmtcasasdeves.com<\/p>\n<p>&nbsp;<\/p>\n","protected":false},"excerpt":{"rendered":"<p>La quinta edici\u00f3n de la San Silvestre Casasdevesana se llev\u00f3 a cabo el s\u00e1bado 30 de Diciembre de 2017, una ma\u00f1ana muy agradable donde la climatolog\u00eda acompa\u00f1\u00f3 en un d\u00eda de atletismo popular. Una carrera de 6K donde el record lo ostentaban Jose \u00c1ngel Leal (20:51) y Gelen Mu\u00f1oz (23:39), lo que hac\u00eda que estos [&hellip;]<\/p>\n","protected":false},"author":3,"featured_media":2009,"comment_status":"open","ping_status":"open","sticky":false,"template":"","format":"standard","meta":{"jetpack_post_was_ever_published":false,"_jetpack_newsletter_access":"","_jetpack_dont_email_post_to_subs":false,"_jetpack_newsletter_tier_id":0,"_jetpack_memberships_contains_paywalled_content":false,"_jetpack_memberships_contains_paid_content":false,"footnotes":""},"categories":[25],"tags":[],"class_list":["post-2005","post","type-post","status-publish","format-standard","has-post-thumbnail","hentry","category-atletismo"],"yoast_head":"<!-- This site is optimized with the Yoast SEO plugin v27.5 - https:\/\/yoast.com\/product\/yoast-seo-wordpress\/ -->\n<title>F. Javier Cuenca y Gelen Mu\u00f1oz se alzan con la V San Silvestre Casasdevesana - BMT Casas de Ves<\/title>\n<meta name=\"robots\" content=\"index, follow, max-snippet:-1, max-image-preview:large, max-video-preview:-1\" \/>\n<link rel=\"canonical\" href=\"https:\/\/bmtcasasdeves.com\/index.php\/2017\/12\/31\/f-javier-cuenca-y-gelen-munoz-se-alzan-con-la-v-san-silvestre-casasdevesana\/\" \/>\n<meta property=\"og:locale\" content=\"es_ES\" \/>\n<meta property=\"og:type\" content=\"article\" \/>\n<meta property=\"og:title\" content=\"F. Javier Cuenca y Gelen Mu\u00f1oz se alzan con la V San Silvestre Casasdevesana - BMT Casas de Ves\" \/>\n<meta property=\"og:description\" content=\"La quinta edici\u00f3n de la San Silvestre Casasdevesana se llev\u00f3 a cabo el s\u00e1bado 30 de Diciembre de 2017, una ma\u00f1ana muy agradable donde la climatolog\u00eda acompa\u00f1\u00f3 en un d\u00eda de atletismo popular. Una carrera de 6K donde el record lo ostentaban Jose \u00c1ngel Leal (20:51) y Gelen Mu\u00f1oz (23:39), lo que hac\u00eda que estos [&hellip;]\" \/>\n<meta property=\"og:url\" content=\"https:\/\/bmtcasasdeves.com\/index.php\/2017\/12\/31\/f-javier-cuenca-y-gelen-munoz-se-alzan-con-la-v-san-silvestre-casasdevesana\/\" \/>\n<meta property=\"og:site_name\" content=\"BMT Casas de Ves\" \/>\n<meta property=\"article:published_time\" content=\"2017-12-31T09:45:26+00:00\" \/>\n<meta property=\"og:image\" content=\"https:\/\/bmtcasasdeves.com\/wp-content\/uploads\/2017\/12\/30131922img_3260-e1514713391971-scaled.jpg\" \/>\n\t<meta property=\"og:image:width\" content=\"2560\" \/>\n\t<meta property=\"og:image:height\" content=\"1174\" \/>\n\t<meta property=\"og:image:type\" content=\"image\/jpeg\" \/>\n<meta name=\"author\" content=\"BMT Casas de Ves\" \/>\n<meta name=\"twitter:card\" content=\"summary_large_image\" \/>\n<meta name=\"twitter:label1\" content=\"Escrito por\" \/>\n\t<meta name=\"twitter:data1\" content=\"BMT Casas de Ves\" \/>\n\t<meta name=\"twitter:label2\" content=\"Tiempo de lectura\" \/>\n\t<meta name=\"twitter:data2\" content=\"2 minutos\" \/>\n<script type=\"application\/ld+json\" class=\"yoast-schema-graph\">{\"@context\":\"https:\\\/\\\/schema.org\",\"@graph\":[{\"@type\":\"Article\",\"@id\":\"https:\\\/\\\/bmtcasasdeves.com\\\/index.php\\\/2017\\\/12\\\/31\\\/f-javier-cuenca-y-gelen-munoz-se-alzan-con-la-v-san-silvestre-casasdevesana\\\/#article\",\"isPartOf\":{\"@id\":\"https:\\\/\\\/bmtcasasdeves.com\\\/index.php\\\/2017\\\/12\\\/31\\\/f-javier-cuenca-y-gelen-munoz-se-alzan-con-la-v-san-silvestre-casasdevesana\\\/\"},\"author\":{\"name\":\"BMT Casas de Ves\",\"@id\":\"https:\\\/\\\/bmtcasasdeves.com\\\/#\\\/schema\\\/person\\\/6aaf35551234df423bb5324e8ed40abe\"},\"headline\":\"F. Javier Cuenca y Gelen Mu\u00f1oz se alzan con la V San Silvestre Casasdevesana\",\"datePublished\":\"2017-12-31T09:45:26+00:00\",\"mainEntityOfPage\":{\"@id\":\"https:\\\/\\\/bmtcasasdeves.com\\\/index.php\\\/2017\\\/12\\\/31\\\/f-javier-cuenca-y-gelen-munoz-se-alzan-con-la-v-san-silvestre-casasdevesana\\\/\"},\"wordCount\":371,\"commentCount\":0,\"publisher\":{\"@id\":\"https:\\\/\\\/bmtcasasdeves.com\\\/#organization\"},\"image\":{\"@id\":\"https:\\\/\\\/bmtcasasdeves.com\\\/index.php\\\/2017\\\/12\\\/31\\\/f-javier-cuenca-y-gelen-munoz-se-alzan-con-la-v-san-silvestre-casasdevesana\\\/#primaryimage\"},\"thumbnailUrl\":\"https:\\\/\\\/bmtcasasdeves.com\\\/wp-content\\\/uploads\\\/2017\\\/12\\\/30131922img_3260-e1514713391971-scaled.jpg\",\"articleSection\":[\"Atletismo\"],\"inLanguage\":\"es\",\"potentialAction\":[{\"@type\":\"CommentAction\",\"name\":\"Comment\",\"target\":[\"https:\\\/\\\/bmtcasasdeves.com\\\/index.php\\\/2017\\\/12\\\/31\\\/f-javier-cuenca-y-gelen-munoz-se-alzan-con-la-v-san-silvestre-casasdevesana\\\/#respond\"]}]},{\"@type\":\"WebPage\",\"@id\":\"https:\\\/\\\/bmtcasasdeves.com\\\/index.php\\\/2017\\\/12\\\/31\\\/f-javier-cuenca-y-gelen-munoz-se-alzan-con-la-v-san-silvestre-casasdevesana\\\/\",\"url\":\"https:\\\/\\\/bmtcasasdeves.com\\\/index.php\\\/2017\\\/12\\\/31\\\/f-javier-cuenca-y-gelen-munoz-se-alzan-con-la-v-san-silvestre-casasdevesana\\\/\",\"name\":\"F. Javier Cuenca y Gelen Mu\u00f1oz se alzan con la V San Silvestre Casasdevesana - BMT Casas de Ves\",\"isPartOf\":{\"@id\":\"https:\\\/\\\/bmtcasasdeves.com\\\/#website\"},\"primaryImageOfPage\":{\"@id\":\"https:\\\/\\\/bmtcasasdeves.com\\\/index.php\\\/2017\\\/12\\\/31\\\/f-javier-cuenca-y-gelen-munoz-se-alzan-con-la-v-san-silvestre-casasdevesana\\\/#primaryimage\"},\"image\":{\"@id\":\"https:\\\/\\\/bmtcasasdeves.com\\\/index.php\\\/2017\\\/12\\\/31\\\/f-javier-cuenca-y-gelen-munoz-se-alzan-con-la-v-san-silvestre-casasdevesana\\\/#primaryimage\"},\"thumbnailUrl\":\"https:\\\/\\\/bmtcasasdeves.com\\\/wp-content\\\/uploads\\\/2017\\\/12\\\/30131922img_3260-e1514713391971-scaled.jpg\",\"datePublished\":\"2017-12-31T09:45:26+00:00\",\"breadcrumb\":{\"@id\":\"https:\\\/\\\/bmtcasasdeves.com\\\/index.php\\\/2017\\\/12\\\/31\\\/f-javier-cuenca-y-gelen-munoz-se-alzan-con-la-v-san-silvestre-casasdevesana\\\/#breadcrumb\"},\"inLanguage\":\"es\",\"potentialAction\":[{\"@type\":\"ReadAction\",\"target\":[\"https:\\\/\\\/bmtcasasdeves.com\\\/index.php\\\/2017\\\/12\\\/31\\\/f-javier-cuenca-y-gelen-munoz-se-alzan-con-la-v-san-silvestre-casasdevesana\\\/\"]}]},{\"@type\":\"ImageObject\",\"inLanguage\":\"es\",\"@id\":\"https:\\\/\\\/bmtcasasdeves.com\\\/index.php\\\/2017\\\/12\\\/31\\\/f-javier-cuenca-y-gelen-munoz-se-alzan-con-la-v-san-silvestre-casasdevesana\\\/#primaryimage\",\"url\":\"https:\\\/\\\/bmtcasasdeves.com\\\/wp-content\\\/uploads\\\/2017\\\/12\\\/30131922img_3260-e1514713391971-scaled.jpg\",\"contentUrl\":\"https:\\\/\\\/bmtcasasdeves.com\\\/wp-content\\\/uploads\\\/2017\\\/12\\\/30131922img_3260-e1514713391971-scaled.jpg\",\"width\":2560,\"height\":1174},{\"@type\":\"BreadcrumbList\",\"@id\":\"https:\\\/\\\/bmtcasasdeves.com\\\/index.php\\\/2017\\\/12\\\/31\\\/f-javier-cuenca-y-gelen-munoz-se-alzan-con-la-v-san-silvestre-casasdevesana\\\/#breadcrumb\",\"itemListElement\":[{\"@type\":\"ListItem\",\"position\":1,\"name\":\"Portada\",\"item\":\"https:\\\/\\\/bmtcasasdeves.com\\\/\"},{\"@type\":\"ListItem\",\"position\":2,\"name\":\"F. Javier Cuenca y Gelen Mu\u00f1oz se alzan con la V San Silvestre Casasdevesana\"}]},{\"@type\":\"WebSite\",\"@id\":\"https:\\\/\\\/bmtcasasdeves.com\\\/#website\",\"url\":\"https:\\\/\\\/bmtcasasdeves.com\\\/\",\"name\":\"BMT Casas de Ves\",\"description\":\"Club atletismo-orientaci\u00f3n-ciclismo de Casas de Ves\",\"publisher\":{\"@id\":\"https:\\\/\\\/bmtcasasdeves.com\\\/#organization\"},\"potentialAction\":[{\"@type\":\"SearchAction\",\"target\":{\"@type\":\"EntryPoint\",\"urlTemplate\":\"https:\\\/\\\/bmtcasasdeves.com\\\/?s={search_term_string}\"},\"query-input\":{\"@type\":\"PropertyValueSpecification\",\"valueRequired\":true,\"valueName\":\"search_term_string\"}}],\"inLanguage\":\"es\"},{\"@type\":\"Organization\",\"@id\":\"https:\\\/\\\/bmtcasasdeves.com\\\/#organization\",\"name\":\"BMT Casas de Ves\",\"url\":\"https:\\\/\\\/bmtcasasdeves.com\\\/\",\"logo\":{\"@type\":\"ImageObject\",\"inLanguage\":\"es\",\"@id\":\"https:\\\/\\\/bmtcasasdeves.com\\\/#\\\/schema\\\/logo\\\/image\\\/\",\"url\":\"https:\\\/\\\/bmtcasasdeves.com\\\/wp-content\\\/uploads\\\/2021\\\/02\\\/cropped-Banner-Web-01-2-scaled-1.jpg\",\"contentUrl\":\"https:\\\/\\\/bmtcasasdeves.com\\\/wp-content\\\/uploads\\\/2021\\\/02\\\/cropped-Banner-Web-01-2-scaled-1.jpg\",\"width\":2000,\"height\":1200,\"caption\":\"BMT Casas de Ves\"},\"image\":{\"@id\":\"https:\\\/\\\/bmtcasasdeves.com\\\/#\\\/schema\\\/logo\\\/image\\\/\"}},{\"@type\":\"Person\",\"@id\":\"https:\\\/\\\/bmtcasasdeves.com\\\/#\\\/schema\\\/person\\\/6aaf35551234df423bb5324e8ed40abe\",\"name\":\"BMT Casas de Ves\",\"image\":{\"@type\":\"ImageObject\",\"inLanguage\":\"es\",\"@id\":\"https:\\\/\\\/secure.gravatar.com\\\/avatar\\\/457b632d420b88231aa3bbd27aff181b637f25576d8cb722844b7d4ac9266025?s=96&d=mm&r=g\",\"url\":\"https:\\\/\\\/secure.gravatar.com\\\/avatar\\\/457b632d420b88231aa3bbd27aff181b637f25576d8cb722844b7d4ac9266025?s=96&d=mm&r=g\",\"contentUrl\":\"https:\\\/\\\/secure.gravatar.com\\\/avatar\\\/457b632d420b88231aa3bbd27aff181b637f25576d8cb722844b7d4ac9266025?s=96&d=mm&r=g\",\"caption\":\"BMT Casas de Ves\"},\"url\":\"https:\\\/\\\/bmtcasasdeves.com\\\/index.php\\\/author\\\/bmtcasasdeves\\\/\"}]}<\/script>\n<!-- \/ Yoast SEO plugin. -->","yoast_head_json":{"title":"F. Javier Cuenca y Gelen Mu\u00f1oz se alzan con la V San Silvestre Casasdevesana - BMT Casas de Ves","robots":{"index":"index","follow":"follow","max-snippet":"max-snippet:-1","max-image-preview":"max-image-preview:large","max-video-preview":"max-video-preview:-1"},"canonical":"https:\/\/bmtcasasdeves.com\/index.php\/2017\/12\/31\/f-javier-cuenca-y-gelen-munoz-se-alzan-con-la-v-san-silvestre-casasdevesana\/","og_locale":"es_ES","og_type":"article","og_title":"F. Javier Cuenca y Gelen Mu\u00f1oz se alzan con la V San Silvestre Casasdevesana - BMT Casas de Ves","og_description":"La quinta edici\u00f3n de la San Silvestre Casasdevesana se llev\u00f3 a cabo el s\u00e1bado 30 de Diciembre de 2017, una ma\u00f1ana muy agradable donde la climatolog\u00eda acompa\u00f1\u00f3 en un d\u00eda de atletismo popular. Una carrera de 6K donde el record lo ostentaban Jose \u00c1ngel Leal (20:51) y Gelen Mu\u00f1oz (23:39), lo que hac\u00eda que estos [&hellip;]","og_url":"https:\/\/bmtcasasdeves.com\/index.php\/2017\/12\/31\/f-javier-cuenca-y-gelen-munoz-se-alzan-con-la-v-san-silvestre-casasdevesana\/","og_site_name":"BMT Casas de Ves","article_published_time":"2017-12-31T09:45:26+00:00","og_image":[{"width":2560,"height":1174,"url":"https:\/\/bmtcasasdeves.com\/wp-content\/uploads\/2017\/12\/30131922img_3260-e1514713391971-scaled.jpg","type":"image\/jpeg"}],"author":"BMT Casas de Ves","twitter_card":"summary_large_image","twitter_misc":{"Escrito por":"BMT Casas de Ves","Tiempo de lectura":"2 minutos"},"schema":{"@context":"https:\/\/schema.org","@graph":[{"@type":"Article","@id":"https:\/\/bmtcasasdeves.com\/index.php\/2017\/12\/31\/f-javier-cuenca-y-gelen-munoz-se-alzan-con-la-v-san-silvestre-casasdevesana\/#article","isPartOf":{"@id":"https:\/\/bmtcasasdeves.com\/index.php\/2017\/12\/31\/f-javier-cuenca-y-gelen-munoz-se-alzan-con-la-v-san-silvestre-casasdevesana\/"},"author":{"name":"BMT Casas de Ves","@id":"https:\/\/bmtcasasdeves.com\/#\/schema\/person\/6aaf35551234df423bb5324e8ed40abe"},"headline":"F. Javier Cuenca y Gelen Mu\u00f1oz se alzan con la V San Silvestre Casasdevesana","datePublished":"2017-12-31T09:45:26+00:00","mainEntityOfPage":{"@id":"https:\/\/bmtcasasdeves.com\/index.php\/2017\/12\/31\/f-javier-cuenca-y-gelen-munoz-se-alzan-con-la-v-san-silvestre-casasdevesana\/"},"wordCount":371,"commentCount":0,"publisher":{"@id":"https:\/\/bmtcasasdeves.com\/#organization"},"image":{"@id":"https:\/\/bmtcasasdeves.com\/index.php\/2017\/12\/31\/f-javier-cuenca-y-gelen-munoz-se-alzan-con-la-v-san-silvestre-casasdevesana\/#primaryimage"},"thumbnailUrl":"https:\/\/bmtcasasdeves.com\/wp-content\/uploads\/2017\/12\/30131922img_3260-e1514713391971-scaled.jpg","articleSection":["Atletismo"],"inLanguage":"es","potentialAction":[{"@type":"CommentAction","name":"Comment","target":["https:\/\/bmtcasasdeves.com\/index.php\/2017\/12\/31\/f-javier-cuenca-y-gelen-munoz-se-alzan-con-la-v-san-silvestre-casasdevesana\/#respond"]}]},{"@type":"WebPage","@id":"https:\/\/bmtcasasdeves.com\/index.php\/2017\/12\/31\/f-javier-cuenca-y-gelen-munoz-se-alzan-con-la-v-san-silvestre-casasdevesana\/","url":"https:\/\/bmtcasasdeves.com\/index.php\/2017\/12\/31\/f-javier-cuenca-y-gelen-munoz-se-alzan-con-la-v-san-silvestre-casasdevesana\/","name":"F. Javier Cuenca y Gelen Mu\u00f1oz se alzan con la V San Silvestre Casasdevesana - BMT Casas de Ves","isPartOf":{"@id":"https:\/\/bmtcasasdeves.com\/#website"},"primaryImageOfPage":{"@id":"https:\/\/bmtcasasdeves.com\/index.php\/2017\/12\/31\/f-javier-cuenca-y-gelen-munoz-se-alzan-con-la-v-san-silvestre-casasdevesana\/#primaryimage"},"image":{"@id":"https:\/\/bmtcasasdeves.com\/index.php\/2017\/12\/31\/f-javier-cuenca-y-gelen-munoz-se-alzan-con-la-v-san-silvestre-casasdevesana\/#primaryimage"},"thumbnailUrl":"https:\/\/bmtcasasdeves.com\/wp-content\/uploads\/2017\/12\/30131922img_3260-e1514713391971-scaled.jpg","datePublished":"2017-12-31T09:45:26+00:00","breadcrumb":{"@id":"https:\/\/bmtcasasdeves.com\/index.php\/2017\/12\/31\/f-javier-cuenca-y-gelen-munoz-se-alzan-con-la-v-san-silvestre-casasdevesana\/#breadcrumb"},"inLanguage":"es","potentialAction":[{"@type":"ReadAction","target":["https:\/\/bmtcasasdeves.com\/index.php\/2017\/12\/31\/f-javier-cuenca-y-gelen-munoz-se-alzan-con-la-v-san-silvestre-casasdevesana\/"]}]},{"@type":"ImageObject","inLanguage":"es","@id":"https:\/\/bmtcasasdeves.com\/index.php\/2017\/12\/31\/f-javier-cuenca-y-gelen-munoz-se-alzan-con-la-v-san-silvestre-casasdevesana\/#primaryimage","url":"https:\/\/bmtcasasdeves.com\/wp-content\/uploads\/2017\/12\/30131922img_3260-e1514713391971-scaled.jpg","contentUrl":"https:\/\/bmtcasasdeves.com\/wp-content\/uploads\/2017\/12\/30131922img_3260-e1514713391971-scaled.jpg","width":2560,"height":1174},{"@type":"BreadcrumbList","@id":"https:\/\/bmtcasasdeves.com\/index.php\/2017\/12\/31\/f-javier-cuenca-y-gelen-munoz-se-alzan-con-la-v-san-silvestre-casasdevesana\/#breadcrumb","itemListElement":[{"@type":"ListItem","position":1,"name":"Portada","item":"https:\/\/bmtcasasdeves.com\/"},{"@type":"ListItem","position":2,"name":"F. Javier Cuenca y Gelen Mu\u00f1oz se alzan con la V San Silvestre Casasdevesana"}]},{"@type":"WebSite","@id":"https:\/\/bmtcasasdeves.com\/#website","url":"https:\/\/bmtcasasdeves.com\/","name":"BMT Casas de Ves","description":"Club atletismo-orientaci\u00f3n-ciclismo de Casas de Ves","publisher":{"@id":"https:\/\/bmtcasasdeves.com\/#organization"},"potentialAction":[{"@type":"SearchAction","target":{"@type":"EntryPoint","urlTemplate":"https:\/\/bmtcasasdeves.com\/?s={search_term_string}"},"query-input":{"@type":"PropertyValueSpecification","valueRequired":true,"valueName":"search_term_string"}}],"inLanguage":"es"},{"@type":"Organization","@id":"https:\/\/bmtcasasdeves.com\/#organization","name":"BMT Casas de Ves","url":"https:\/\/bmtcasasdeves.com\/","logo":{"@type":"ImageObject","inLanguage":"es","@id":"https:\/\/bmtcasasdeves.com\/#\/schema\/logo\/image\/","url":"https:\/\/bmtcasasdeves.com\/wp-content\/uploads\/2021\/02\/cropped-Banner-Web-01-2-scaled-1.jpg","contentUrl":"https:\/\/bmtcasasdeves.com\/wp-content\/uploads\/2021\/02\/cropped-Banner-Web-01-2-scaled-1.jpg","width":2000,"height":1200,"caption":"BMT Casas de Ves"},"image":{"@id":"https:\/\/bmtcasasdeves.com\/#\/schema\/logo\/image\/"}},{"@type":"Person","@id":"https:\/\/bmtcasasdeves.com\/#\/schema\/person\/6aaf35551234df423bb5324e8ed40abe","name":"BMT Casas de Ves","image":{"@type":"ImageObject","inLanguage":"es","@id":"https:\/\/secure.gravatar.com\/avatar\/457b632d420b88231aa3bbd27aff181b637f25576d8cb722844b7d4ac9266025?s=96&d=mm&r=g","url":"https:\/\/secure.gravatar.com\/avatar\/457b632d420b88231aa3bbd27aff181b637f25576d8cb722844b7d4ac9266025?s=96&d=mm&r=g","contentUrl":"https:\/\/secure.gravatar.com\/avatar\/457b632d420b88231aa3bbd27aff181b637f25576d8cb722844b7d4ac9266025?s=96&d=mm&r=g","caption":"BMT Casas de Ves"},"url":"https:\/\/bmtcasasdeves.com\/index.php\/author\/bmtcasasdeves\/"}]}},"views":1202,"jetpack_featured_media_url":"https:\/\/bmtcasasdeves.com\/wp-content\/uploads\/2017\/12\/30131922img_3260-e1514713391971-scaled.jpg","jetpack_sharing_enabled":true,"_links":{"self":[{"href":"https:\/\/bmtcasasdeves.com\/index.php\/wp-json\/wp\/v2\/posts\/2005","targetHints":{"allow":["GET"]}}],"collection":[{"href":"https:\/\/bmtcasasdeves.com\/index.php\/wp-json\/wp\/v2\/posts"}],"about":[{"href":"https:\/\/bmtcasasdeves.com\/index.php\/wp-json\/wp\/v2\/types\/post"}],"author":[{"embeddable":true,"href":"https:\/\/bmtcasasdeves.com\/index.php\/wp-json\/wp\/v2\/users\/3"}],"replies":[{"embeddable":true,"href":"https:\/\/bmtcasasdeves.com\/index.php\/wp-json\/wp\/v2\/comments?post=2005"}],"version-history":[{"count":0,"href":"https:\/\/bmtcasasdeves.com\/index.php\/wp-json\/wp\/v2\/posts\/2005\/revisions"}],"wp:featuredmedia":[{"embeddable":true,"href":"https:\/\/bmtcasasdeves.com\/index.php\/wp-json\/wp\/v2\/media\/2009"}],"wp:attachment":[{"href":"https:\/\/bmtcasasdeves.com\/index.php\/wp-json\/wp\/v2\/media?parent=2005"}],"wp:term":[{"taxonomy":"category","embeddable":true,"href":"https:\/\/bmtcasasdeves.com\/index.php\/wp-json\/wp\/v2\/categories?post=2005"},{"taxonomy":"post_tag","embeddable":true,"href":"https:\/\/bmtcasasdeves.com\/index.php\/wp-json\/wp\/v2\/tags?post=2005"}],"curies":[{"name":"wp","href":"https:\/\/api.w.org\/{rel}","templated":true}]}}