{"id":1290,"date":"2016-09-05T20:38:36","date_gmt":"2016-09-05T19:38:36","guid":{"rendered":"https:\/\/bmtcasasdeves.wordpress.com\/?p=1290"},"modified":"2016-09-05T20:38:36","modified_gmt":"2016-09-05T19:38:36","slug":"osu-quillo-que-calo","status":"publish","type":"post","link":"https:\/\/bmtcasasdeves.com\/index.php\/2016\/09\/05\/osu-quillo-que-calo\/","title":{"rendered":"\u00a1\u00a1Os\u00fa quillo, que cal\u00f3!!"},"content":{"rendered":"<p style=\"text-align:justify;\">Durante la noche anterior al 1 de septiembre la fant\u00e1stica maquinaria que tenemos entre las dos orejas era un hervidero de pensamientos, planteamientos y dem\u00e1s zarandajas a las que los ligeros de sue\u00f1o nos entregamos cuando algo importante va a ocupar nuestro tiempo y en esta ocasi\u00f3n la M\u00e1laga City Race ten\u00eda los ingredientes necesarios para saciar el apetito f\u00edsico y mental.<\/p>\n<p style=\"text-align:justify;\">Y por lo visto no era al \u00fanico al que esa falta de alimento le aquejaba toda vez que el primer turno de ilustres orientadores hab\u00eda partido el d\u00eda anterior para disfrupadecer, cada uno en su justa medida, el famoso Caminito del Rey.<\/p>\n<p style=\"text-align:justify;\"><a href=\"https:\/\/bmtcasasdeves.com\/wp-content\/uploads\/2016\/09\/2016-08-31-15-42-56-2.jpeg\" target=\"_blank\" rel=\"noopener\"><img loading=\"lazy\" decoding=\"async\" class=\"alignnone size-full wp-image-1293\" src=\"https:\/\/bmtcasasdeves.com\/wp-content\/uploads\/2016\/09\/2016-08-31-15-42-56-2.jpeg\" alt=\"2016-08-31 15.42.56-2.jpeg\" width=\"2383\" height=\"1571\" srcset=\"https:\/\/bmtcasasdeves.com\/wp-content\/uploads\/2016\/09\/2016-08-31-15-42-56-2.jpeg 2383w, https:\/\/bmtcasasdeves.com\/wp-content\/uploads\/2016\/09\/2016-08-31-15-42-56-2-300x198.jpeg 300w, https:\/\/bmtcasasdeves.com\/wp-content\/uploads\/2016\/09\/2016-08-31-15-42-56-2-1024x675.jpeg 1024w, https:\/\/bmtcasasdeves.com\/wp-content\/uploads\/2016\/09\/2016-08-31-15-42-56-2-768x506.jpeg 768w, https:\/\/bmtcasasdeves.com\/wp-content\/uploads\/2016\/09\/2016-08-31-15-42-56-2-1536x1013.jpeg 1536w, https:\/\/bmtcasasdeves.com\/wp-content\/uploads\/2016\/09\/2016-08-31-15-42-56-2-2048x1350.jpeg 2048w, https:\/\/bmtcasasdeves.com\/wp-content\/uploads\/2016\/09\/2016-08-31-15-42-56-2-600x396.jpeg 600w\" sizes=\"auto, (max-width: 2383px) 100vw, 2383px\" \/><\/a><\/p>\n<p style=\"text-align:justify;\">Al filo de la hora de comer aprovechando el frescor del mediod\u00eda y previa intercesi\u00f3n cum laude sal\u00edamos con las alforjas llenas de ilusi\u00f3n hacia la capital de la Costa del Sol para unirnos a una parte de la expedici\u00f3n que ya hab\u00eda picoteado un poquito de aquellas tierras andaluzas por la zona de Antequera.<\/p>\n<p style=\"text-align:justify;\">Una vez localizada nuestra base de operaciones y subidos los trastos pertinentes fue el momento de jugar un rato al Tetris a fin de encajar a todos los componentes por las dependencias existentes. Ni siquiera las cervezas que vinieron consiguieron aplacar el calor acumulado en el piso adem\u00e1s sumado al emanado por los entes humanos que por all\u00ed deambulaban y todo ello remezclado eficazmente por las aspas del ventilador. Como resultado una noche cuasi en blanco lo cual es ideal antes de afrontar un entrenamiento de orientaci\u00f3n. Suerte que durante el mismo las 2 neuronas existentes se organizaron leyendo el mapa en turnos de 5 minutos para no dejarme en mal lugar\u2026<\/p>\n<p style=\"text-align:justify;\">Con el cuerpo habituado a la humedad del ambiente nos presentamos todos en la zona de competici\u00f3n de Arroyo Toquero dispuestos a comernos cada metro de monte. La moral en estos eventos es vital que este alta y la de nuestro colectivo iba a tope con la seguridad de realizar un buen papel. Pero aun as\u00ed los nervios previos a la salida eran palpables y buen s\u00edntoma de la actitud del equipo, pues nos mantiene despiertos y alerta antes de los retos que se presenten.<\/p>\n<p style=\"text-align:justify;\"><a href=\"https:\/\/bmtcasasdeves.com\/wp-content\/uploads\/2016\/09\/img_1568.jpg\" target=\"_blank\" rel=\"noopener\"><img loading=\"lazy\" decoding=\"async\" class=\"alignnone size-full wp-image-1296\" src=\"https:\/\/bmtcasasdeves.com\/wp-content\/uploads\/2016\/09\/img_1568.jpg\" alt=\"IMG_1568.jpg\" width=\"4272\" height=\"2848\" \/><\/a><\/p>\n<p style=\"text-align:justify;\">En mi caso particular la ascensi\u00f3n desde la pre-salida a la salida ya produce cosquillas en las piernas e inicio de los primeros sudores. Con la concentraci\u00f3n al m\u00e1ximo y el ultimo pitido me lanzo a leer mi mapa intentando descubrir el triangulo de salida entre el marem\u00e1gnum de s\u00edmbolos. Una vez localizado mi GPS mental planifica la mejor ruta para atacar la baliza 1 enviando las instrucciones precias al aparato locomotor. Todo perfecto, avanzo con rapidez ladera abajo para atacar la baliza desde arriba. Es un mapa M-45 y voy lanzado, pero lanzado a la nada desde el momento que llego al lugar donde ya deber\u00eda estar el punto buscado y all\u00ed no hay nada. \u00a1\u00a1Empezamos bien!!<\/p>\n<p style=\"text-align:justify;\">En mitad de la nada sin referencias claras se empieza a mascar la tragedia, a punto estuve de preguntar a alguno de los lugare\u00f1os ocasionales que por all\u00ed pululaban pero mi orgullo me lo impidi\u00f3. Quise un mapa de los \u201cg\u00fcenos\u201d y ah\u00ed\u00a0lo ten\u00eda, as\u00ed que a apechugar con \u00e9l. Eliminado el comod\u00edn del publico mi mente busc\u00f3 alternativas y hall\u00f3 la respuesta al bucear en los recuerdos de experiencias anteriores similares a la actual. El problema era que hab\u00eda descendido por un espol\u00f3n previo al correcto por lo que la soluci\u00f3n estaba clara. De nuevo la luz aventurera brillaba con fuerza. Las rutas salvo por algunos desv\u00edos ocasionales eran bastante correctas, lo cual me daba los \u00e1nimos necesarios para ir en pos del siguiente punto del mapa. L\u00e1stima que lo abrupto del terreno pasara factura al f\u00edsico con lo que la distancia entre los \u00faltimos controles se tornaba por momentos el\u00e1stica al parecerme m\u00e1s grande de lo real.<\/p>\n<p style=\"text-align:justify;\">Con todo remate la faena en un puesto decente con numerosos orientadores por detr\u00e1s m\u00edo y con el duende interno contento del resultado, de las cerves fresquitas y del mel\u00f3n rico-rico.<\/p>\n<p style=\"text-align:justify;\">Brillando las posiciones de Jos\u00e9 Antonio (ambos), Javi m\u00edster, Ana y Tamara, los dem\u00e1s integrantes de nuestro grupo tambi\u00e9n destacaron por su buen hacer, aunque el m\u00e1s satisfecho era Alejandro sabi\u00e9ndose que era Elite el resto del finde con lo que ello conlleva a nivel de prebendas y dem\u00e1s privilegios.<\/p>\n<p style=\"text-align:justify;\">Pero el frenes\u00ed de la competici\u00f3n no cesa y a las 18:00 estamos listos para afrontar la carrera de Sprint, siendo mi debut en estas lides en categor\u00eda Elite por lo que la presi\u00f3n estaba in crescendo. Con un calor andaluz y la humedad ambiental acompa\u00f1ando recorrimos cada uno de los rincones del muelle uno y la Malagueta al ritmo sabros\u00f3n que el cuerpo aguantaba mitad quejoso, mitad correoso. Pero lo mejor fue comprobar que otros compa\u00f1eros de categor\u00eda me disputaron el farolillo rojo de la tabla clasificatoria. \u00a1El nivel de competitividad de la categor\u00eda reina a ambos lados de la clasificaci\u00f3n es brutal!<\/p>\n<p style=\"text-align:justify;\"><a href=\"https:\/\/bmtcasasdeves.com\/wp-content\/uploads\/2016\/09\/img_6688.jpg\" target=\"_blank\" rel=\"noopener\"><img loading=\"lazy\" decoding=\"async\" class=\"alignnone size-full wp-image-1304\" src=\"https:\/\/bmtcasasdeves.com\/wp-content\/uploads\/2016\/09\/img_6688.jpg\" alt=\"IMG_6688.JPG\" width=\"3456\" height=\"2304\" \/><\/a><\/p>\n<p style=\"text-align:justify;\">Superada la prueba, acicalado y recompuesto el nivel \u00f3ptimo de hidrataci\u00f3n tocaba algo de relax espiritual por lo que buscando entre los locales m\u00e1s selectos de la Villa encontramos donde colocar las posaderas de nuestro numeroso grupo para avituallarnos como manda los c\u00e1nones de estos importantes eventos, am\u00e9n de unos mojitos que supieron a gloria antes del obligado retiro para descansar en previsi\u00f3n de la exigente prueba final.<\/p>\n<p style=\"text-align:justify;\">De nuevo en la pre salida, de nuevo la tensi\u00f3n de la espera, de nuevo los nervios de como responder\u00eda ante un recorrido de 6,2 km te\u00f3ricos que la propia Organizaci\u00f3n calculaba en m\u00e1s de 8 con la mejor ruta, la salida muy tard\u00eda y el calor no ayudaba en nada. Muchas inc\u00f3gnitas a punto de resolverse. \u00a1C\u00f3mo me gusta este deporte!!<\/p>\n<p style=\"text-align:justify;\"><a href=\"https:\/\/bmtcasasdeves.com\/wp-content\/uploads\/2016\/09\/img_2030.jpg\" target=\"_blank\" rel=\"noopener\"><img loading=\"lazy\" decoding=\"async\" class=\"alignnone size-full wp-image-1301\" src=\"https:\/\/bmtcasasdeves.com\/wp-content\/uploads\/2016\/09\/img_2030.jpg\" alt=\"IMG_2030.jpg\" width=\"4272\" height=\"2848\" \/><\/a><\/p>\n<p style=\"text-align:justify;\">En el momento exacto me autorizan el paso hasta la salida situada a \u00a11,3 km ascendentes! Un sueco de m\u00e1s de 50 a\u00f1os y yo iniciamos la lenta ascensi\u00f3n a la salida, algo por debajo del Gibralfaro. De que llegamos a la misma mi moment\u00e1neo compa\u00f1ero segu\u00eda trotando en el sitio para no perder el calent\u00f3n de la subida supongo, mientras yo intentaba bajar el pulso y beber algo de agua para recuperar el aliento perdido algunos centenares de metros m\u00e1s abajo. Cuando un juez controlador hace un comentario sobre el calor, el sueco sin inmutarse y en un espanglish de Mijas al menos indica m\u00e1s le afecta a \u00e9l por la falta de costumbre. Menos mal que yo llevaba las gafas puestas y ocultaron mi mirada en modo asesino. \u00a1Yo era del secarral manchego y estaba liquidado antes de empezar a correr!!<\/p>\n<p style=\"text-align:justify;\">Las primeras balizas estaban localizadas en el terreno abrupto que rodea el Gibralfaro, pero consegu\u00ed hilvanar los rumbos sin demasiados errores de bulto y si llegaba el caso rectificaba r\u00e1pidamente para acotar la p\u00e9rdida de tiempo. Aun as\u00ed, cuando descendimos a la parte llana dentro ya de M\u00e1laga iba deshidratado y con 15 balizas pendientes de picar todav\u00eda. Por suerte durante gran parte de este tramo de carrera los edificios y estrechas callejuelas de la ciudad proporcionaba sombra a los numerosos corredores que todav\u00eda est\u00e1bamos pendientes de llegar a meta. La sensaci\u00f3n de deslizarme por la preciosa Calle Larios surfeando entre los innumerables visitantes que paseaban en busca de un rato de asueto ser\u00e1 dif\u00edcil de olvidar.<\/p>\n<p style=\"text-align:justify;\"><a href=\"https:\/\/bmtcasasdeves.com\/wp-content\/uploads\/2016\/09\/img_7428.jpg\" target=\"_blank\" rel=\"noopener\"><img loading=\"lazy\" decoding=\"async\" class=\"alignnone size-full wp-image-1310\" src=\"https:\/\/bmtcasasdeves.com\/wp-content\/uploads\/2016\/09\/img_7428.jpg\" alt=\"IMG_7428.JPG\" width=\"3456\" height=\"2304\" \/><\/a><\/p>\n<p style=\"text-align:justify;\">Ya en meta y recuperado del tremendo esfuerzo, 9\u20196 sofocantes km, acepte el amable ofrecimiento para ducharme en el alojamiento cercano de parte del equipo (Gracias a miles). Sin p\u00e9rdida de tiempo puse rumbo al Burger m\u00e1s cercano para rellenar las menguadas reservas y volver a ser persona reconocible y tratable, mientras llegaba la hora del reconocimiento para Jos\u00e9 Antonio (ambos) dedic\u00e1ndoles unos aplausos m\u00e1s que merecidos despu\u00e9s de este intenso y largo fin de semana comunal.<\/p>\n<p style=\"text-align:justify;\"><a href=\"https:\/\/bmtcasasdeves.com\/wp-content\/uploads\/2016\/09\/img_2465.jpg\" target=\"_blank\" rel=\"noopener\"><img loading=\"lazy\" decoding=\"async\" class=\"alignnone size-full wp-image-1306\" src=\"https:\/\/bmtcasasdeves.com\/wp-content\/uploads\/2016\/09\/img_2465.jpg\" alt=\"IMG_2465.jpg\" width=\"4272\" height=\"2848\" \/><\/a><\/p>\n<p style=\"text-align:justify;\"><a href=\"https:\/\/bmtcasasdeves.com\/wp-content\/uploads\/2016\/09\/img_2458.jpg\" target=\"_blank\" rel=\"noopener\"><img loading=\"lazy\" decoding=\"async\" class=\"alignnone size-full wp-image-1307\" src=\"https:\/\/bmtcasasdeves.com\/wp-content\/uploads\/2016\/09\/img_2458.jpg\" alt=\"IMG_2458.jpg\" width=\"4272\" height=\"2848\" \/><\/a><\/p>\n<p style=\"text-align:justify;\">Los dem\u00e1s no s\u00e9, pero yo ya tengo ganas de que llegue el siguiente evento compartido para desquitarme. Mart\u00edn me gano en la pelea de almohadas que mantuvimos y exijo mi revancha! La venganza se sirve en plato frio\u2026. Jejeje<\/p>\n<p style=\"text-align:right;\">J.A.T.D.<\/p>\n","protected":false},"excerpt":{"rendered":"<p>Durante la noche anterior al 1 de septiembre la fant\u00e1stica maquinaria que tenemos entre las dos orejas era un hervidero de pensamientos, planteamientos y dem\u00e1s zarandajas a las que los ligeros de sue\u00f1o nos entregamos cuando algo importante va a ocupar nuestro tiempo y en esta ocasi\u00f3n la M\u00e1laga City Race ten\u00eda los ingredientes necesarios [&hellip;]<\/p>\n","protected":false},"author":3,"featured_media":1301,"comment_status":"open","ping_status":"open","sticky":false,"template":"","format":"standard","meta":{"jetpack_post_was_ever_published":false,"_jetpack_newsletter_access":"","_jetpack_dont_email_post_to_subs":false,"_jetpack_newsletter_tier_id":0,"_jetpack_memberships_contains_paywalled_content":false,"_jetpack_memberships_contains_paid_content":false,"footnotes":""},"categories":[27],"tags":[],"class_list":["post-1290","post","type-post","status-publish","format-standard","has-post-thumbnail","hentry","category-orientacion"],"yoast_head":"<!-- This site is optimized with the Yoast SEO plugin v27.5 - https:\/\/yoast.com\/product\/yoast-seo-wordpress\/ -->\n<title>\u00a1\u00a1Os\u00fa quillo, que cal\u00f3!! - BMT Casas de Ves<\/title>\n<meta name=\"robots\" content=\"index, follow, max-snippet:-1, max-image-preview:large, max-video-preview:-1\" \/>\n<link rel=\"canonical\" href=\"https:\/\/bmtcasasdeves.com\/index.php\/2016\/09\/05\/osu-quillo-que-calo\/\" \/>\n<meta property=\"og:locale\" content=\"es_ES\" \/>\n<meta property=\"og:type\" content=\"article\" \/>\n<meta property=\"og:title\" content=\"\u00a1\u00a1Os\u00fa quillo, que cal\u00f3!! - BMT Casas de Ves\" \/>\n<meta property=\"og:description\" content=\"Durante la noche anterior al 1 de septiembre la fant\u00e1stica maquinaria que tenemos entre las dos orejas era un hervidero de pensamientos, planteamientos y dem\u00e1s zarandajas a las que los ligeros de sue\u00f1o nos entregamos cuando algo importante va a ocupar nuestro tiempo y en esta ocasi\u00f3n la M\u00e1laga City Race ten\u00eda los ingredientes necesarios [&hellip;]\" \/>\n<meta property=\"og:url\" content=\"https:\/\/bmtcasasdeves.com\/index.php\/2016\/09\/05\/osu-quillo-que-calo\/\" \/>\n<meta property=\"og:site_name\" content=\"BMT Casas de Ves\" \/>\n<meta property=\"article:published_time\" content=\"2016-09-05T19:38:36+00:00\" \/>\n<meta property=\"og:image\" content=\"https:\/\/bmtcasasdeves.com\/wp-content\/uploads\/2016\/09\/img_2030-scaled.jpg\" \/>\n\t<meta property=\"og:image:width\" content=\"2560\" \/>\n\t<meta property=\"og:image:height\" content=\"1707\" \/>\n\t<meta property=\"og:image:type\" content=\"image\/jpeg\" \/>\n<meta name=\"author\" content=\"BMT Casas de Ves\" \/>\n<meta name=\"twitter:card\" content=\"summary_large_image\" \/>\n<meta name=\"twitter:label1\" content=\"Escrito por\" \/>\n\t<meta name=\"twitter:data1\" content=\"BMT Casas de Ves\" \/>\n\t<meta name=\"twitter:label2\" content=\"Tiempo de lectura\" \/>\n\t<meta name=\"twitter:data2\" content=\"7 minutos\" \/>\n<script type=\"application\/ld+json\" class=\"yoast-schema-graph\">{\"@context\":\"https:\\\/\\\/schema.org\",\"@graph\":[{\"@type\":\"Article\",\"@id\":\"https:\\\/\\\/bmtcasasdeves.com\\\/index.php\\\/2016\\\/09\\\/05\\\/osu-quillo-que-calo\\\/#article\",\"isPartOf\":{\"@id\":\"https:\\\/\\\/bmtcasasdeves.com\\\/index.php\\\/2016\\\/09\\\/05\\\/osu-quillo-que-calo\\\/\"},\"author\":{\"name\":\"BMT Casas de Ves\",\"@id\":\"https:\\\/\\\/bmtcasasdeves.com\\\/#\\\/schema\\\/person\\\/6aaf35551234df423bb5324e8ed40abe\"},\"headline\":\"\u00a1\u00a1Os\u00fa quillo, que cal\u00f3!!\",\"datePublished\":\"2016-09-05T19:38:36+00:00\",\"mainEntityOfPage\":{\"@id\":\"https:\\\/\\\/bmtcasasdeves.com\\\/index.php\\\/2016\\\/09\\\/05\\\/osu-quillo-que-calo\\\/\"},\"wordCount\":1416,\"commentCount\":0,\"publisher\":{\"@id\":\"https:\\\/\\\/bmtcasasdeves.com\\\/#organization\"},\"image\":{\"@id\":\"https:\\\/\\\/bmtcasasdeves.com\\\/index.php\\\/2016\\\/09\\\/05\\\/osu-quillo-que-calo\\\/#primaryimage\"},\"thumbnailUrl\":\"https:\\\/\\\/bmtcasasdeves.com\\\/wp-content\\\/uploads\\\/2016\\\/09\\\/img_2030-scaled.jpg\",\"articleSection\":[\"Orientaci\u00f3n\"],\"inLanguage\":\"es\",\"potentialAction\":[{\"@type\":\"CommentAction\",\"name\":\"Comment\",\"target\":[\"https:\\\/\\\/bmtcasasdeves.com\\\/index.php\\\/2016\\\/09\\\/05\\\/osu-quillo-que-calo\\\/#respond\"]}]},{\"@type\":\"WebPage\",\"@id\":\"https:\\\/\\\/bmtcasasdeves.com\\\/index.php\\\/2016\\\/09\\\/05\\\/osu-quillo-que-calo\\\/\",\"url\":\"https:\\\/\\\/bmtcasasdeves.com\\\/index.php\\\/2016\\\/09\\\/05\\\/osu-quillo-que-calo\\\/\",\"name\":\"\u00a1\u00a1Os\u00fa quillo, que cal\u00f3!! - BMT Casas de Ves\",\"isPartOf\":{\"@id\":\"https:\\\/\\\/bmtcasasdeves.com\\\/#website\"},\"primaryImageOfPage\":{\"@id\":\"https:\\\/\\\/bmtcasasdeves.com\\\/index.php\\\/2016\\\/09\\\/05\\\/osu-quillo-que-calo\\\/#primaryimage\"},\"image\":{\"@id\":\"https:\\\/\\\/bmtcasasdeves.com\\\/index.php\\\/2016\\\/09\\\/05\\\/osu-quillo-que-calo\\\/#primaryimage\"},\"thumbnailUrl\":\"https:\\\/\\\/bmtcasasdeves.com\\\/wp-content\\\/uploads\\\/2016\\\/09\\\/img_2030-scaled.jpg\",\"datePublished\":\"2016-09-05T19:38:36+00:00\",\"breadcrumb\":{\"@id\":\"https:\\\/\\\/bmtcasasdeves.com\\\/index.php\\\/2016\\\/09\\\/05\\\/osu-quillo-que-calo\\\/#breadcrumb\"},\"inLanguage\":\"es\",\"potentialAction\":[{\"@type\":\"ReadAction\",\"target\":[\"https:\\\/\\\/bmtcasasdeves.com\\\/index.php\\\/2016\\\/09\\\/05\\\/osu-quillo-que-calo\\\/\"]}]},{\"@type\":\"ImageObject\",\"inLanguage\":\"es\",\"@id\":\"https:\\\/\\\/bmtcasasdeves.com\\\/index.php\\\/2016\\\/09\\\/05\\\/osu-quillo-que-calo\\\/#primaryimage\",\"url\":\"https:\\\/\\\/bmtcasasdeves.com\\\/wp-content\\\/uploads\\\/2016\\\/09\\\/img_2030-scaled.jpg\",\"contentUrl\":\"https:\\\/\\\/bmtcasasdeves.com\\\/wp-content\\\/uploads\\\/2016\\\/09\\\/img_2030-scaled.jpg\",\"width\":2560,\"height\":1707},{\"@type\":\"BreadcrumbList\",\"@id\":\"https:\\\/\\\/bmtcasasdeves.com\\\/index.php\\\/2016\\\/09\\\/05\\\/osu-quillo-que-calo\\\/#breadcrumb\",\"itemListElement\":[{\"@type\":\"ListItem\",\"position\":1,\"name\":\"Portada\",\"item\":\"https:\\\/\\\/bmtcasasdeves.com\\\/\"},{\"@type\":\"ListItem\",\"position\":2,\"name\":\"\u00a1\u00a1Os\u00fa quillo, que cal\u00f3!!\"}]},{\"@type\":\"WebSite\",\"@id\":\"https:\\\/\\\/bmtcasasdeves.com\\\/#website\",\"url\":\"https:\\\/\\\/bmtcasasdeves.com\\\/\",\"name\":\"BMT Casas de Ves\",\"description\":\"Club atletismo-orientaci\u00f3n-ciclismo de Casas de Ves\",\"publisher\":{\"@id\":\"https:\\\/\\\/bmtcasasdeves.com\\\/#organization\"},\"potentialAction\":[{\"@type\":\"SearchAction\",\"target\":{\"@type\":\"EntryPoint\",\"urlTemplate\":\"https:\\\/\\\/bmtcasasdeves.com\\\/?s={search_term_string}\"},\"query-input\":{\"@type\":\"PropertyValueSpecification\",\"valueRequired\":true,\"valueName\":\"search_term_string\"}}],\"inLanguage\":\"es\"},{\"@type\":\"Organization\",\"@id\":\"https:\\\/\\\/bmtcasasdeves.com\\\/#organization\",\"name\":\"BMT Casas de Ves\",\"url\":\"https:\\\/\\\/bmtcasasdeves.com\\\/\",\"logo\":{\"@type\":\"ImageObject\",\"inLanguage\":\"es\",\"@id\":\"https:\\\/\\\/bmtcasasdeves.com\\\/#\\\/schema\\\/logo\\\/image\\\/\",\"url\":\"https:\\\/\\\/bmtcasasdeves.com\\\/wp-content\\\/uploads\\\/2021\\\/02\\\/cropped-Banner-Web-01-2-scaled-1.jpg\",\"contentUrl\":\"https:\\\/\\\/bmtcasasdeves.com\\\/wp-content\\\/uploads\\\/2021\\\/02\\\/cropped-Banner-Web-01-2-scaled-1.jpg\",\"width\":2000,\"height\":1200,\"caption\":\"BMT Casas de Ves\"},\"image\":{\"@id\":\"https:\\\/\\\/bmtcasasdeves.com\\\/#\\\/schema\\\/logo\\\/image\\\/\"}},{\"@type\":\"Person\",\"@id\":\"https:\\\/\\\/bmtcasasdeves.com\\\/#\\\/schema\\\/person\\\/6aaf35551234df423bb5324e8ed40abe\",\"name\":\"BMT Casas de Ves\",\"image\":{\"@type\":\"ImageObject\",\"inLanguage\":\"es\",\"@id\":\"https:\\\/\\\/secure.gravatar.com\\\/avatar\\\/457b632d420b88231aa3bbd27aff181b637f25576d8cb722844b7d4ac9266025?s=96&d=mm&r=g\",\"url\":\"https:\\\/\\\/secure.gravatar.com\\\/avatar\\\/457b632d420b88231aa3bbd27aff181b637f25576d8cb722844b7d4ac9266025?s=96&d=mm&r=g\",\"contentUrl\":\"https:\\\/\\\/secure.gravatar.com\\\/avatar\\\/457b632d420b88231aa3bbd27aff181b637f25576d8cb722844b7d4ac9266025?s=96&d=mm&r=g\",\"caption\":\"BMT Casas de Ves\"},\"url\":\"https:\\\/\\\/bmtcasasdeves.com\\\/index.php\\\/author\\\/bmtcasasdeves\\\/\"}]}<\/script>\n<!-- \/ Yoast SEO plugin. -->","yoast_head_json":{"title":"\u00a1\u00a1Os\u00fa quillo, que cal\u00f3!! - BMT Casas de Ves","robots":{"index":"index","follow":"follow","max-snippet":"max-snippet:-1","max-image-preview":"max-image-preview:large","max-video-preview":"max-video-preview:-1"},"canonical":"https:\/\/bmtcasasdeves.com\/index.php\/2016\/09\/05\/osu-quillo-que-calo\/","og_locale":"es_ES","og_type":"article","og_title":"\u00a1\u00a1Os\u00fa quillo, que cal\u00f3!! - BMT Casas de Ves","og_description":"Durante la noche anterior al 1 de septiembre la fant\u00e1stica maquinaria que tenemos entre las dos orejas era un hervidero de pensamientos, planteamientos y dem\u00e1s zarandajas a las que los ligeros de sue\u00f1o nos entregamos cuando algo importante va a ocupar nuestro tiempo y en esta ocasi\u00f3n la M\u00e1laga City Race ten\u00eda los ingredientes necesarios [&hellip;]","og_url":"https:\/\/bmtcasasdeves.com\/index.php\/2016\/09\/05\/osu-quillo-que-calo\/","og_site_name":"BMT Casas de Ves","article_published_time":"2016-09-05T19:38:36+00:00","og_image":[{"width":2560,"height":1707,"url":"https:\/\/bmtcasasdeves.com\/wp-content\/uploads\/2016\/09\/img_2030-scaled.jpg","type":"image\/jpeg"}],"author":"BMT Casas de Ves","twitter_card":"summary_large_image","twitter_misc":{"Escrito por":"BMT Casas de Ves","Tiempo de lectura":"7 minutos"},"schema":{"@context":"https:\/\/schema.org","@graph":[{"@type":"Article","@id":"https:\/\/bmtcasasdeves.com\/index.php\/2016\/09\/05\/osu-quillo-que-calo\/#article","isPartOf":{"@id":"https:\/\/bmtcasasdeves.com\/index.php\/2016\/09\/05\/osu-quillo-que-calo\/"},"author":{"name":"BMT Casas de Ves","@id":"https:\/\/bmtcasasdeves.com\/#\/schema\/person\/6aaf35551234df423bb5324e8ed40abe"},"headline":"\u00a1\u00a1Os\u00fa quillo, que cal\u00f3!!","datePublished":"2016-09-05T19:38:36+00:00","mainEntityOfPage":{"@id":"https:\/\/bmtcasasdeves.com\/index.php\/2016\/09\/05\/osu-quillo-que-calo\/"},"wordCount":1416,"commentCount":0,"publisher":{"@id":"https:\/\/bmtcasasdeves.com\/#organization"},"image":{"@id":"https:\/\/bmtcasasdeves.com\/index.php\/2016\/09\/05\/osu-quillo-que-calo\/#primaryimage"},"thumbnailUrl":"https:\/\/bmtcasasdeves.com\/wp-content\/uploads\/2016\/09\/img_2030-scaled.jpg","articleSection":["Orientaci\u00f3n"],"inLanguage":"es","potentialAction":[{"@type":"CommentAction","name":"Comment","target":["https:\/\/bmtcasasdeves.com\/index.php\/2016\/09\/05\/osu-quillo-que-calo\/#respond"]}]},{"@type":"WebPage","@id":"https:\/\/bmtcasasdeves.com\/index.php\/2016\/09\/05\/osu-quillo-que-calo\/","url":"https:\/\/bmtcasasdeves.com\/index.php\/2016\/09\/05\/osu-quillo-que-calo\/","name":"\u00a1\u00a1Os\u00fa quillo, que cal\u00f3!! - BMT Casas de Ves","isPartOf":{"@id":"https:\/\/bmtcasasdeves.com\/#website"},"primaryImageOfPage":{"@id":"https:\/\/bmtcasasdeves.com\/index.php\/2016\/09\/05\/osu-quillo-que-calo\/#primaryimage"},"image":{"@id":"https:\/\/bmtcasasdeves.com\/index.php\/2016\/09\/05\/osu-quillo-que-calo\/#primaryimage"},"thumbnailUrl":"https:\/\/bmtcasasdeves.com\/wp-content\/uploads\/2016\/09\/img_2030-scaled.jpg","datePublished":"2016-09-05T19:38:36+00:00","breadcrumb":{"@id":"https:\/\/bmtcasasdeves.com\/index.php\/2016\/09\/05\/osu-quillo-que-calo\/#breadcrumb"},"inLanguage":"es","potentialAction":[{"@type":"ReadAction","target":["https:\/\/bmtcasasdeves.com\/index.php\/2016\/09\/05\/osu-quillo-que-calo\/"]}]},{"@type":"ImageObject","inLanguage":"es","@id":"https:\/\/bmtcasasdeves.com\/index.php\/2016\/09\/05\/osu-quillo-que-calo\/#primaryimage","url":"https:\/\/bmtcasasdeves.com\/wp-content\/uploads\/2016\/09\/img_2030-scaled.jpg","contentUrl":"https:\/\/bmtcasasdeves.com\/wp-content\/uploads\/2016\/09\/img_2030-scaled.jpg","width":2560,"height":1707},{"@type":"BreadcrumbList","@id":"https:\/\/bmtcasasdeves.com\/index.php\/2016\/09\/05\/osu-quillo-que-calo\/#breadcrumb","itemListElement":[{"@type":"ListItem","position":1,"name":"Portada","item":"https:\/\/bmtcasasdeves.com\/"},{"@type":"ListItem","position":2,"name":"\u00a1\u00a1Os\u00fa quillo, que cal\u00f3!!"}]},{"@type":"WebSite","@id":"https:\/\/bmtcasasdeves.com\/#website","url":"https:\/\/bmtcasasdeves.com\/","name":"BMT Casas de Ves","description":"Club atletismo-orientaci\u00f3n-ciclismo de Casas de Ves","publisher":{"@id":"https:\/\/bmtcasasdeves.com\/#organization"},"potentialAction":[{"@type":"SearchAction","target":{"@type":"EntryPoint","urlTemplate":"https:\/\/bmtcasasdeves.com\/?s={search_term_string}"},"query-input":{"@type":"PropertyValueSpecification","valueRequired":true,"valueName":"search_term_string"}}],"inLanguage":"es"},{"@type":"Organization","@id":"https:\/\/bmtcasasdeves.com\/#organization","name":"BMT Casas de Ves","url":"https:\/\/bmtcasasdeves.com\/","logo":{"@type":"ImageObject","inLanguage":"es","@id":"https:\/\/bmtcasasdeves.com\/#\/schema\/logo\/image\/","url":"https:\/\/bmtcasasdeves.com\/wp-content\/uploads\/2021\/02\/cropped-Banner-Web-01-2-scaled-1.jpg","contentUrl":"https:\/\/bmtcasasdeves.com\/wp-content\/uploads\/2021\/02\/cropped-Banner-Web-01-2-scaled-1.jpg","width":2000,"height":1200,"caption":"BMT Casas de Ves"},"image":{"@id":"https:\/\/bmtcasasdeves.com\/#\/schema\/logo\/image\/"}},{"@type":"Person","@id":"https:\/\/bmtcasasdeves.com\/#\/schema\/person\/6aaf35551234df423bb5324e8ed40abe","name":"BMT Casas de Ves","image":{"@type":"ImageObject","inLanguage":"es","@id":"https:\/\/secure.gravatar.com\/avatar\/457b632d420b88231aa3bbd27aff181b637f25576d8cb722844b7d4ac9266025?s=96&d=mm&r=g","url":"https:\/\/secure.gravatar.com\/avatar\/457b632d420b88231aa3bbd27aff181b637f25576d8cb722844b7d4ac9266025?s=96&d=mm&r=g","contentUrl":"https:\/\/secure.gravatar.com\/avatar\/457b632d420b88231aa3bbd27aff181b637f25576d8cb722844b7d4ac9266025?s=96&d=mm&r=g","caption":"BMT Casas de Ves"},"url":"https:\/\/bmtcasasdeves.com\/index.php\/author\/bmtcasasdeves\/"}]}},"views":1408,"jetpack_featured_media_url":"https:\/\/bmtcasasdeves.com\/wp-content\/uploads\/2016\/09\/img_2030-scaled.jpg","jetpack_sharing_enabled":true,"_links":{"self":[{"href":"https:\/\/bmtcasasdeves.com\/index.php\/wp-json\/wp\/v2\/posts\/1290","targetHints":{"allow":["GET"]}}],"collection":[{"href":"https:\/\/bmtcasasdeves.com\/index.php\/wp-json\/wp\/v2\/posts"}],"about":[{"href":"https:\/\/bmtcasasdeves.com\/index.php\/wp-json\/wp\/v2\/types\/post"}],"author":[{"embeddable":true,"href":"https:\/\/bmtcasasdeves.com\/index.php\/wp-json\/wp\/v2\/users\/3"}],"replies":[{"embeddable":true,"href":"https:\/\/bmtcasasdeves.com\/index.php\/wp-json\/wp\/v2\/comments?post=1290"}],"version-history":[{"count":0,"href":"https:\/\/bmtcasasdeves.com\/index.php\/wp-json\/wp\/v2\/posts\/1290\/revisions"}],"wp:featuredmedia":[{"embeddable":true,"href":"https:\/\/bmtcasasdeves.com\/index.php\/wp-json\/wp\/v2\/media\/1301"}],"wp:attachment":[{"href":"https:\/\/bmtcasasdeves.com\/index.php\/wp-json\/wp\/v2\/media?parent=1290"}],"wp:term":[{"taxonomy":"category","embeddable":true,"href":"https:\/\/bmtcasasdeves.com\/index.php\/wp-json\/wp\/v2\/categories?post=1290"},{"taxonomy":"post_tag","embeddable":true,"href":"https:\/\/bmtcasasdeves.com\/index.php\/wp-json\/wp\/v2\/tags?post=1290"}],"curies":[{"name":"wp","href":"https:\/\/api.w.org\/{rel}","templated":true}]}}