{"id":1141,"date":"2016-05-11T20:37:52","date_gmt":"2016-05-11T19:37:52","guid":{"rendered":"https:\/\/bmtcasasdeves.wordpress.com\/?p=1141"},"modified":"2016-05-11T20:37:52","modified_gmt":"2016-05-11T19:37:52","slug":"la-seleccion-de-castilla-la-mancha-campeona-de-espana","status":"publish","type":"post","link":"https:\/\/bmtcasasdeves.com\/index.php\/2016\/05\/11\/la-seleccion-de-castilla-la-mancha-campeona-de-espana\/","title":{"rendered":"La selecci\u00f3n de Castilla-La Mancha, campeona de Espa\u00f1a"},"content":{"rendered":"<p style=\"text-align:justify;\">Tres miembros de la Escuela de Orientaci\u00f3n \u00abBMT Casas de Ves\u00bb participaron en el Campeonato de Espa\u00f1a Escolar de Orientaci\u00f3n (CEEO), dentro de la Selecci\u00f3n de Castilla-La Mancha, que este a\u00f1o se disputaba en Granada. Esta\u00a0competici\u00f3n es la m\u00e1s importante a nivel escolar en nuestro pa\u00eds, pues para poder participar hay que ganarse un puesto en los campeonatos regionales correspondientes<\/p>\n<p style=\"text-align:justify;\"><img decoding=\"async\" class=\"alignnone size-full wp-image-680 aligncenter\" src=\"https:\/\/godihalbacete.files.wordpress.com\/2016\/05\/captura-de-pantalla-2016-05-08-a-las-22-22-08.png?w=640\" alt=\"Captura de pantalla 2016-05-08 a las 22.22.08.png\" \/><\/p>\n<p style=\"text-align:justify;\">Nuestros chicos eran Jose Antonio Villar (infantil), Carlos Jimenez (cadete) y Javier Garc\u00eda (entrenador) y formaron parte de nuestra selecci\u00f3n, que\u00a0estaba formada por cuatro equipos de cuatro integrantes cada uno: infantil masculino y femenino y cadete masculino y femenino.<\/p>\n<p style=\"text-align:justify;\"><img loading=\"lazy\" decoding=\"async\" class=\"alignnone size-full wp-image-1171\" src=\"https:\/\/bmtcasasdeves.com\/wp-content\/uploads\/2016\/05\/13124563_10208631692762698_8469865582081356229_n.jpg\" alt=\"13124563_10208631692762698_8469865582081356229_n.jpg\" width=\"960\" height=\"889\" srcset=\"https:\/\/bmtcasasdeves.com\/wp-content\/uploads\/2016\/05\/13124563_10208631692762698_8469865582081356229_n.jpg 960w, https:\/\/bmtcasasdeves.com\/wp-content\/uploads\/2016\/05\/13124563_10208631692762698_8469865582081356229_n-300x278.jpg 300w, https:\/\/bmtcasasdeves.com\/wp-content\/uploads\/2016\/05\/13124563_10208631692762698_8469865582081356229_n-768x711.jpg 768w, https:\/\/bmtcasasdeves.com\/wp-content\/uploads\/2016\/05\/13124563_10208631692762698_8469865582081356229_n-600x556.jpg 600w\" sizes=\"auto, (max-width: 960px) 100vw, 960px\" \/><\/p>\n<p style=\"text-align:justify;\">La competici\u00f3n constaba con cuatro pruebas: relevos mixtos, media distancia, sprint y larga. En la primera de ellas, el equipo Infantil B de nuestra selecci\u00f3n se alzaba al tercer caj\u00f3n del podium, consiguiendo la medalla de bronce. En este equipo ten\u00edamos la participaci\u00f3n de Jose Antonio Villar<\/p>\n<p style=\"text-align:justify;\"><a href=\"https:\/\/godihalbacete.files.wordpress.com\/2016\/05\/2016-05-09-12-41-59.jpg\" target=\"_blank\" rel=\"noopener\"><img decoding=\"async\" class=\"alignnone size-full wp-image-683\" src=\"https:\/\/godihalbacete.files.wordpress.com\/2016\/05\/2016-05-09-12-41-59.jpg?w=640\" alt=\"2016-05-09 12.41.59.jpg\" \/><\/a><\/p>\n<p style=\"text-align:justify;\">Por la tarde tocaba una actividad nueva en este tipo de campeonatos, y fue una Feria de las Comunidades, donde cada autonom\u00eda formaba un stand ofreciendo sus productos t\u00edpicos y posteriormente ofrec\u00eda un baile t\u00edpico, representaci\u00f3n teatral o alguna actividad representativa de su tierra. Los nuestros hicieron una adaptaci\u00f3n del Quijote llamada \u201cCuando Don Quijote se hizo orientador\u201d<\/p>\n<p style=\"text-align:justify;\"><a href=\"https:\/\/godihalbacete.wordpress.com\/https%3A\/\/wordpress.com\/42a6e317-dc18-4bef-8944-7102c7833767\" target=\"_blank\" rel=\"noopener\"><img loading=\"lazy\" decoding=\"async\" class=\"aligncenter  wp-image-690\" src=\"https:\/\/godihalbacete.files.wordpress.com\/2016\/05\/img_5553.jpg?w=602&amp;h=401\" alt=\"IMG_5553.jpg\" width=\"602\" height=\"401\" \/><\/a><\/p>\n<p style=\"text-align:justify;\"><a href=\"https:\/\/godihalbacete.files.wordpress.com\/2016\/05\/13178857_10153404461241326_2978277240049684375_n.jpg\" target=\"_blank\" rel=\"noopener\"><img decoding=\"async\" class=\"alignnone size-full wp-image-692\" src=\"https:\/\/godihalbacete.files.wordpress.com\/2016\/05\/13178857_10153404461241326_2978277240049684375_n.jpg?w=640\" alt=\"13178857_10153404461241326_2978277240049684375_n.jpg\" \/><\/a><\/p>\n<p style=\"text-align:justify;\">El s\u00e1bado por la ma\u00f1ana la competici\u00f3n se desplazaba hasta \u201cEl Sotillo\u201d dentro del t\u00e9rmino municipal de Iznalloz, donde ser\u00eda la Media Distancia. Nuestros chicos hicieron un muy buen papel, donde Jose Antonio fue 4\u00ba y Carlos 20\u00ba<\/p>\n<p style=\"text-align:justify;\">Los \u00e1nimos estaban muy altos para la prueba de la tarde, el sprint (una distancia en la que se les suele dar bastante bien), que se celebrar\u00eda en el Campus Universitario de la Cartuja. Aunque los resultados no acompa\u00f1aron, todo se decidir\u00eda en la \u00faltima prueba, la larga distancia, en el mismo lugar que la media distancia. Jose Antonio fue 17\u00ba y Carlos 30\u00ba.<\/p>\n<p style=\"text-align:justify;\">Una vez en la zona de competici\u00f3n del Domingo, estaban\u00a0publicados los resultados por comunidades, y la alegr\u00eda fue\u00a0may\u00fascula cuando la selecci\u00f3n infantil iba\u00a0en primer lugar. Los \u00e1nimos crecen todav\u00eda m\u00e1s para conseguir el oro. Jose Antonio hace una carrera muy buena consiguiendo una cuarta posici\u00f3n, a cuarenta segundos de la medalla de bronce. A Carlos se le atragant\u00f3 un poco la larga, finalizando en 39\u00aa posici\u00f3n.<\/p>\n<p style=\"text-align:justify;\">Con los resultados individuales, faltaba saber la clasificaci\u00f3n por equipos. Los t\u00e9cnicos calculaban los puntos obtenidos y estimaban que la medalla de oro era para los infantiles&#8230; y as\u00ed fue!! Una alegr\u00eda inmensa que quitaba ese mal sabor de boca por no haber alcanzado una medalla por tan pocos segundos<\/p>\n<p style=\"text-align:justify;\">Respecto a los compa\u00f1eros de la selecci\u00f3n, destacar la medalla de oro de Nerea Gonz\u00e1lez (Toledo) y la medalla de plata de Florencio Garc\u00eda (Tarazona de la Mancha). Ambos orientadores disputar\u00e1n el mundial con la Selecci\u00f3n Espa\u00f1ola en Junio de 2017 en Italia.<\/p>\n<p style=\"text-align:justify;\"><a href=\"https:\/\/godihalbacete.files.wordpress.com\/2016\/05\/img_6284.jpg\" target=\"_blank\" rel=\"noopener\"><img decoding=\"async\" class=\"alignnone size-full wp-image-702\" src=\"https:\/\/godihalbacete.files.wordpress.com\/2016\/05\/img_6284.jpg?w=640\" alt=\"IMG_6284.jpg\" \/><\/a><\/p>\n<p style=\"text-align:justify;\">Los resultados finales individuales de todos nuestros chicos quedaron de la siguiente manera:<\/p>\n<ul style=\"text-align:justify;\">\n<li>Jose Antonio, 7\u00ba en infantil masculino<\/li>\n<li>Carlos Jimenez, 28\u00ba en cadete masculino<\/li>\n<\/ul>\n<p style=\"text-align:justify;\">Los resultados por comunidades aut\u00f3nomas fueron:<\/p>\n<ul>\n<li style=\"text-align:justify;\">Categor\u00eda infantil: Castilla-La Mancha, CAMPEONA<\/li>\n<li style=\"text-align:justify;\">Categor\u00eda cadete: Castilla-La Mancha, 5\u00aa posici\u00f3n<\/li>\n<\/ul>\n<p>&nbsp;<\/p>\n<p>Desde estas l\u00edneas, agradecer a Bodegas Iniesta, vinos Vega Tolosa y Hotel Aro&#8217;s por facilitarnos el vino que se ofreci\u00f3 en la feria de las comunidades y que en tan buen lugar dejaron a nuestra comunidad aut\u00f3noma.<\/p>\n<p>&nbsp;<\/p>\n","protected":false},"excerpt":{"rendered":"<p>Tres miembros de la Escuela de Orientaci\u00f3n \u00abBMT Casas de Ves\u00bb participaron en el Campeonato de Espa\u00f1a Escolar de Orientaci\u00f3n (CEEO), dentro de la Selecci\u00f3n de Castilla-La Mancha, que este a\u00f1o se disputaba en Granada. Esta\u00a0competici\u00f3n es la m\u00e1s importante a nivel escolar en nuestro pa\u00eds, pues para poder participar hay que ganarse un puesto [&hellip;]<\/p>\n","protected":false},"author":3,"featured_media":1171,"comment_status":"open","ping_status":"open","sticky":false,"template":"","format":"standard","meta":{"jetpack_post_was_ever_published":false,"_jetpack_newsletter_access":"","_jetpack_dont_email_post_to_subs":false,"_jetpack_newsletter_tier_id":0,"_jetpack_memberships_contains_paywalled_content":false,"_jetpack_memberships_contains_paid_content":false,"footnotes":""},"categories":[1],"tags":[],"class_list":["post-1141","post","type-post","status-publish","format-standard","has-post-thumbnail","hentry","category-uncategorized"],"yoast_head":"<!-- This site is optimized with the Yoast SEO plugin v27.4 - https:\/\/yoast.com\/product\/yoast-seo-wordpress\/ -->\n<title>La selecci\u00f3n de Castilla-La Mancha, campeona de Espa\u00f1a - BMT Casas de Ves<\/title>\n<meta name=\"robots\" content=\"index, follow, max-snippet:-1, max-image-preview:large, max-video-preview:-1\" \/>\n<link rel=\"canonical\" href=\"https:\/\/bmtcasasdeves.com\/index.php\/2016\/05\/11\/la-seleccion-de-castilla-la-mancha-campeona-de-espana\/\" \/>\n<meta property=\"og:locale\" content=\"es_ES\" \/>\n<meta property=\"og:type\" content=\"article\" \/>\n<meta property=\"og:title\" content=\"La selecci\u00f3n de Castilla-La Mancha, campeona de Espa\u00f1a - BMT Casas de Ves\" \/>\n<meta property=\"og:description\" content=\"Tres miembros de la Escuela de Orientaci\u00f3n \u00abBMT Casas de Ves\u00bb participaron en el Campeonato de Espa\u00f1a Escolar de Orientaci\u00f3n (CEEO), dentro de la Selecci\u00f3n de Castilla-La Mancha, que este a\u00f1o se disputaba en Granada. Esta\u00a0competici\u00f3n es la m\u00e1s importante a nivel escolar en nuestro pa\u00eds, pues para poder participar hay que ganarse un puesto [&hellip;]\" \/>\n<meta property=\"og:url\" content=\"https:\/\/bmtcasasdeves.com\/index.php\/2016\/05\/11\/la-seleccion-de-castilla-la-mancha-campeona-de-espana\/\" \/>\n<meta property=\"og:site_name\" content=\"BMT Casas de Ves\" \/>\n<meta property=\"article:published_time\" content=\"2016-05-11T19:37:52+00:00\" \/>\n<meta property=\"og:image\" content=\"https:\/\/bmtcasasdeves.com\/wp-content\/uploads\/2016\/05\/13124563_10208631692762698_8469865582081356229_n.jpg\" \/>\n\t<meta property=\"og:image:width\" content=\"960\" \/>\n\t<meta property=\"og:image:height\" content=\"889\" \/>\n\t<meta property=\"og:image:type\" content=\"image\/jpeg\" \/>\n<meta name=\"author\" content=\"BMT Casas de Ves\" \/>\n<meta name=\"twitter:card\" content=\"summary_large_image\" \/>\n<meta name=\"twitter:label1\" content=\"Escrito por\" \/>\n\t<meta name=\"twitter:data1\" content=\"BMT Casas de Ves\" \/>\n\t<meta name=\"twitter:label2\" content=\"Tiempo de lectura\" \/>\n\t<meta name=\"twitter:data2\" content=\"3 minutos\" \/>\n<script type=\"application\/ld+json\" class=\"yoast-schema-graph\">{\"@context\":\"https:\\\/\\\/schema.org\",\"@graph\":[{\"@type\":\"Article\",\"@id\":\"https:\\\/\\\/bmtcasasdeves.com\\\/index.php\\\/2016\\\/05\\\/11\\\/la-seleccion-de-castilla-la-mancha-campeona-de-espana\\\/#article\",\"isPartOf\":{\"@id\":\"https:\\\/\\\/bmtcasasdeves.com\\\/index.php\\\/2016\\\/05\\\/11\\\/la-seleccion-de-castilla-la-mancha-campeona-de-espana\\\/\"},\"author\":{\"name\":\"BMT Casas de Ves\",\"@id\":\"https:\\\/\\\/bmtcasasdeves.com\\\/#\\\/schema\\\/person\\\/6aaf35551234df423bb5324e8ed40abe\"},\"headline\":\"La selecci\u00f3n de Castilla-La Mancha, campeona de Espa\u00f1a\",\"datePublished\":\"2016-05-11T19:37:52+00:00\",\"mainEntityOfPage\":{\"@id\":\"https:\\\/\\\/bmtcasasdeves.com\\\/index.php\\\/2016\\\/05\\\/11\\\/la-seleccion-de-castilla-la-mancha-campeona-de-espana\\\/\"},\"wordCount\":605,\"commentCount\":0,\"publisher\":{\"@id\":\"https:\\\/\\\/bmtcasasdeves.com\\\/#organization\"},\"image\":{\"@id\":\"https:\\\/\\\/bmtcasasdeves.com\\\/index.php\\\/2016\\\/05\\\/11\\\/la-seleccion-de-castilla-la-mancha-campeona-de-espana\\\/#primaryimage\"},\"thumbnailUrl\":\"https:\\\/\\\/bmtcasasdeves.com\\\/wp-content\\\/uploads\\\/2016\\\/05\\\/13124563_10208631692762698_8469865582081356229_n.jpg\",\"articleSection\":[\"Uncategorized\"],\"inLanguage\":\"es\",\"potentialAction\":[{\"@type\":\"CommentAction\",\"name\":\"Comment\",\"target\":[\"https:\\\/\\\/bmtcasasdeves.com\\\/index.php\\\/2016\\\/05\\\/11\\\/la-seleccion-de-castilla-la-mancha-campeona-de-espana\\\/#respond\"]}]},{\"@type\":\"WebPage\",\"@id\":\"https:\\\/\\\/bmtcasasdeves.com\\\/index.php\\\/2016\\\/05\\\/11\\\/la-seleccion-de-castilla-la-mancha-campeona-de-espana\\\/\",\"url\":\"https:\\\/\\\/bmtcasasdeves.com\\\/index.php\\\/2016\\\/05\\\/11\\\/la-seleccion-de-castilla-la-mancha-campeona-de-espana\\\/\",\"name\":\"La selecci\u00f3n de Castilla-La Mancha, campeona de Espa\u00f1a - BMT Casas de Ves\",\"isPartOf\":{\"@id\":\"https:\\\/\\\/bmtcasasdeves.com\\\/#website\"},\"primaryImageOfPage\":{\"@id\":\"https:\\\/\\\/bmtcasasdeves.com\\\/index.php\\\/2016\\\/05\\\/11\\\/la-seleccion-de-castilla-la-mancha-campeona-de-espana\\\/#primaryimage\"},\"image\":{\"@id\":\"https:\\\/\\\/bmtcasasdeves.com\\\/index.php\\\/2016\\\/05\\\/11\\\/la-seleccion-de-castilla-la-mancha-campeona-de-espana\\\/#primaryimage\"},\"thumbnailUrl\":\"https:\\\/\\\/bmtcasasdeves.com\\\/wp-content\\\/uploads\\\/2016\\\/05\\\/13124563_10208631692762698_8469865582081356229_n.jpg\",\"datePublished\":\"2016-05-11T19:37:52+00:00\",\"breadcrumb\":{\"@id\":\"https:\\\/\\\/bmtcasasdeves.com\\\/index.php\\\/2016\\\/05\\\/11\\\/la-seleccion-de-castilla-la-mancha-campeona-de-espana\\\/#breadcrumb\"},\"inLanguage\":\"es\",\"potentialAction\":[{\"@type\":\"ReadAction\",\"target\":[\"https:\\\/\\\/bmtcasasdeves.com\\\/index.php\\\/2016\\\/05\\\/11\\\/la-seleccion-de-castilla-la-mancha-campeona-de-espana\\\/\"]}]},{\"@type\":\"ImageObject\",\"inLanguage\":\"es\",\"@id\":\"https:\\\/\\\/bmtcasasdeves.com\\\/index.php\\\/2016\\\/05\\\/11\\\/la-seleccion-de-castilla-la-mancha-campeona-de-espana\\\/#primaryimage\",\"url\":\"https:\\\/\\\/bmtcasasdeves.com\\\/wp-content\\\/uploads\\\/2016\\\/05\\\/13124563_10208631692762698_8469865582081356229_n.jpg\",\"contentUrl\":\"https:\\\/\\\/bmtcasasdeves.com\\\/wp-content\\\/uploads\\\/2016\\\/05\\\/13124563_10208631692762698_8469865582081356229_n.jpg\",\"width\":960,\"height\":889},{\"@type\":\"BreadcrumbList\",\"@id\":\"https:\\\/\\\/bmtcasasdeves.com\\\/index.php\\\/2016\\\/05\\\/11\\\/la-seleccion-de-castilla-la-mancha-campeona-de-espana\\\/#breadcrumb\",\"itemListElement\":[{\"@type\":\"ListItem\",\"position\":1,\"name\":\"Portada\",\"item\":\"https:\\\/\\\/bmtcasasdeves.com\\\/\"},{\"@type\":\"ListItem\",\"position\":2,\"name\":\"La selecci\u00f3n de Castilla-La Mancha, campeona de Espa\u00f1a\"}]},{\"@type\":\"WebSite\",\"@id\":\"https:\\\/\\\/bmtcasasdeves.com\\\/#website\",\"url\":\"https:\\\/\\\/bmtcasasdeves.com\\\/\",\"name\":\"BMT Casas de Ves\",\"description\":\"Club atletismo-orientaci\u00f3n-ciclismo de Casas de Ves\",\"publisher\":{\"@id\":\"https:\\\/\\\/bmtcasasdeves.com\\\/#organization\"},\"potentialAction\":[{\"@type\":\"SearchAction\",\"target\":{\"@type\":\"EntryPoint\",\"urlTemplate\":\"https:\\\/\\\/bmtcasasdeves.com\\\/?s={search_term_string}\"},\"query-input\":{\"@type\":\"PropertyValueSpecification\",\"valueRequired\":true,\"valueName\":\"search_term_string\"}}],\"inLanguage\":\"es\"},{\"@type\":\"Organization\",\"@id\":\"https:\\\/\\\/bmtcasasdeves.com\\\/#organization\",\"name\":\"BMT Casas de Ves\",\"url\":\"https:\\\/\\\/bmtcasasdeves.com\\\/\",\"logo\":{\"@type\":\"ImageObject\",\"inLanguage\":\"es\",\"@id\":\"https:\\\/\\\/bmtcasasdeves.com\\\/#\\\/schema\\\/logo\\\/image\\\/\",\"url\":\"https:\\\/\\\/bmtcasasdeves.com\\\/wp-content\\\/uploads\\\/2021\\\/02\\\/cropped-Banner-Web-01-2-scaled-1.jpg\",\"contentUrl\":\"https:\\\/\\\/bmtcasasdeves.com\\\/wp-content\\\/uploads\\\/2021\\\/02\\\/cropped-Banner-Web-01-2-scaled-1.jpg\",\"width\":2000,\"height\":1200,\"caption\":\"BMT Casas de Ves\"},\"image\":{\"@id\":\"https:\\\/\\\/bmtcasasdeves.com\\\/#\\\/schema\\\/logo\\\/image\\\/\"}},{\"@type\":\"Person\",\"@id\":\"https:\\\/\\\/bmtcasasdeves.com\\\/#\\\/schema\\\/person\\\/6aaf35551234df423bb5324e8ed40abe\",\"name\":\"BMT Casas de Ves\",\"image\":{\"@type\":\"ImageObject\",\"inLanguage\":\"es\",\"@id\":\"https:\\\/\\\/secure.gravatar.com\\\/avatar\\\/457b632d420b88231aa3bbd27aff181b637f25576d8cb722844b7d4ac9266025?s=96&d=mm&r=g\",\"url\":\"https:\\\/\\\/secure.gravatar.com\\\/avatar\\\/457b632d420b88231aa3bbd27aff181b637f25576d8cb722844b7d4ac9266025?s=96&d=mm&r=g\",\"contentUrl\":\"https:\\\/\\\/secure.gravatar.com\\\/avatar\\\/457b632d420b88231aa3bbd27aff181b637f25576d8cb722844b7d4ac9266025?s=96&d=mm&r=g\",\"caption\":\"BMT Casas de Ves\"},\"url\":\"https:\\\/\\\/bmtcasasdeves.com\\\/index.php\\\/author\\\/bmtcasasdeves\\\/\"}]}<\/script>\n<!-- \/ Yoast SEO plugin. -->","yoast_head_json":{"title":"La selecci\u00f3n de Castilla-La Mancha, campeona de Espa\u00f1a - BMT Casas de Ves","robots":{"index":"index","follow":"follow","max-snippet":"max-snippet:-1","max-image-preview":"max-image-preview:large","max-video-preview":"max-video-preview:-1"},"canonical":"https:\/\/bmtcasasdeves.com\/index.php\/2016\/05\/11\/la-seleccion-de-castilla-la-mancha-campeona-de-espana\/","og_locale":"es_ES","og_type":"article","og_title":"La selecci\u00f3n de Castilla-La Mancha, campeona de Espa\u00f1a - BMT Casas de Ves","og_description":"Tres miembros de la Escuela de Orientaci\u00f3n \u00abBMT Casas de Ves\u00bb participaron en el Campeonato de Espa\u00f1a Escolar de Orientaci\u00f3n (CEEO), dentro de la Selecci\u00f3n de Castilla-La Mancha, que este a\u00f1o se disputaba en Granada. Esta\u00a0competici\u00f3n es la m\u00e1s importante a nivel escolar en nuestro pa\u00eds, pues para poder participar hay que ganarse un puesto [&hellip;]","og_url":"https:\/\/bmtcasasdeves.com\/index.php\/2016\/05\/11\/la-seleccion-de-castilla-la-mancha-campeona-de-espana\/","og_site_name":"BMT Casas de Ves","article_published_time":"2016-05-11T19:37:52+00:00","og_image":[{"width":960,"height":889,"url":"https:\/\/bmtcasasdeves.com\/wp-content\/uploads\/2016\/05\/13124563_10208631692762698_8469865582081356229_n.jpg","type":"image\/jpeg"}],"author":"BMT Casas de Ves","twitter_card":"summary_large_image","twitter_misc":{"Escrito por":"BMT Casas de Ves","Tiempo de lectura":"3 minutos"},"schema":{"@context":"https:\/\/schema.org","@graph":[{"@type":"Article","@id":"https:\/\/bmtcasasdeves.com\/index.php\/2016\/05\/11\/la-seleccion-de-castilla-la-mancha-campeona-de-espana\/#article","isPartOf":{"@id":"https:\/\/bmtcasasdeves.com\/index.php\/2016\/05\/11\/la-seleccion-de-castilla-la-mancha-campeona-de-espana\/"},"author":{"name":"BMT Casas de Ves","@id":"https:\/\/bmtcasasdeves.com\/#\/schema\/person\/6aaf35551234df423bb5324e8ed40abe"},"headline":"La selecci\u00f3n de Castilla-La Mancha, campeona de Espa\u00f1a","datePublished":"2016-05-11T19:37:52+00:00","mainEntityOfPage":{"@id":"https:\/\/bmtcasasdeves.com\/index.php\/2016\/05\/11\/la-seleccion-de-castilla-la-mancha-campeona-de-espana\/"},"wordCount":605,"commentCount":0,"publisher":{"@id":"https:\/\/bmtcasasdeves.com\/#organization"},"image":{"@id":"https:\/\/bmtcasasdeves.com\/index.php\/2016\/05\/11\/la-seleccion-de-castilla-la-mancha-campeona-de-espana\/#primaryimage"},"thumbnailUrl":"https:\/\/bmtcasasdeves.com\/wp-content\/uploads\/2016\/05\/13124563_10208631692762698_8469865582081356229_n.jpg","articleSection":["Uncategorized"],"inLanguage":"es","potentialAction":[{"@type":"CommentAction","name":"Comment","target":["https:\/\/bmtcasasdeves.com\/index.php\/2016\/05\/11\/la-seleccion-de-castilla-la-mancha-campeona-de-espana\/#respond"]}]},{"@type":"WebPage","@id":"https:\/\/bmtcasasdeves.com\/index.php\/2016\/05\/11\/la-seleccion-de-castilla-la-mancha-campeona-de-espana\/","url":"https:\/\/bmtcasasdeves.com\/index.php\/2016\/05\/11\/la-seleccion-de-castilla-la-mancha-campeona-de-espana\/","name":"La selecci\u00f3n de Castilla-La Mancha, campeona de Espa\u00f1a - BMT Casas de Ves","isPartOf":{"@id":"https:\/\/bmtcasasdeves.com\/#website"},"primaryImageOfPage":{"@id":"https:\/\/bmtcasasdeves.com\/index.php\/2016\/05\/11\/la-seleccion-de-castilla-la-mancha-campeona-de-espana\/#primaryimage"},"image":{"@id":"https:\/\/bmtcasasdeves.com\/index.php\/2016\/05\/11\/la-seleccion-de-castilla-la-mancha-campeona-de-espana\/#primaryimage"},"thumbnailUrl":"https:\/\/bmtcasasdeves.com\/wp-content\/uploads\/2016\/05\/13124563_10208631692762698_8469865582081356229_n.jpg","datePublished":"2016-05-11T19:37:52+00:00","breadcrumb":{"@id":"https:\/\/bmtcasasdeves.com\/index.php\/2016\/05\/11\/la-seleccion-de-castilla-la-mancha-campeona-de-espana\/#breadcrumb"},"inLanguage":"es","potentialAction":[{"@type":"ReadAction","target":["https:\/\/bmtcasasdeves.com\/index.php\/2016\/05\/11\/la-seleccion-de-castilla-la-mancha-campeona-de-espana\/"]}]},{"@type":"ImageObject","inLanguage":"es","@id":"https:\/\/bmtcasasdeves.com\/index.php\/2016\/05\/11\/la-seleccion-de-castilla-la-mancha-campeona-de-espana\/#primaryimage","url":"https:\/\/bmtcasasdeves.com\/wp-content\/uploads\/2016\/05\/13124563_10208631692762698_8469865582081356229_n.jpg","contentUrl":"https:\/\/bmtcasasdeves.com\/wp-content\/uploads\/2016\/05\/13124563_10208631692762698_8469865582081356229_n.jpg","width":960,"height":889},{"@type":"BreadcrumbList","@id":"https:\/\/bmtcasasdeves.com\/index.php\/2016\/05\/11\/la-seleccion-de-castilla-la-mancha-campeona-de-espana\/#breadcrumb","itemListElement":[{"@type":"ListItem","position":1,"name":"Portada","item":"https:\/\/bmtcasasdeves.com\/"},{"@type":"ListItem","position":2,"name":"La selecci\u00f3n de Castilla-La Mancha, campeona de Espa\u00f1a"}]},{"@type":"WebSite","@id":"https:\/\/bmtcasasdeves.com\/#website","url":"https:\/\/bmtcasasdeves.com\/","name":"BMT Casas de Ves","description":"Club atletismo-orientaci\u00f3n-ciclismo de Casas de Ves","publisher":{"@id":"https:\/\/bmtcasasdeves.com\/#organization"},"potentialAction":[{"@type":"SearchAction","target":{"@type":"EntryPoint","urlTemplate":"https:\/\/bmtcasasdeves.com\/?s={search_term_string}"},"query-input":{"@type":"PropertyValueSpecification","valueRequired":true,"valueName":"search_term_string"}}],"inLanguage":"es"},{"@type":"Organization","@id":"https:\/\/bmtcasasdeves.com\/#organization","name":"BMT Casas de Ves","url":"https:\/\/bmtcasasdeves.com\/","logo":{"@type":"ImageObject","inLanguage":"es","@id":"https:\/\/bmtcasasdeves.com\/#\/schema\/logo\/image\/","url":"https:\/\/bmtcasasdeves.com\/wp-content\/uploads\/2021\/02\/cropped-Banner-Web-01-2-scaled-1.jpg","contentUrl":"https:\/\/bmtcasasdeves.com\/wp-content\/uploads\/2021\/02\/cropped-Banner-Web-01-2-scaled-1.jpg","width":2000,"height":1200,"caption":"BMT Casas de Ves"},"image":{"@id":"https:\/\/bmtcasasdeves.com\/#\/schema\/logo\/image\/"}},{"@type":"Person","@id":"https:\/\/bmtcasasdeves.com\/#\/schema\/person\/6aaf35551234df423bb5324e8ed40abe","name":"BMT Casas de Ves","image":{"@type":"ImageObject","inLanguage":"es","@id":"https:\/\/secure.gravatar.com\/avatar\/457b632d420b88231aa3bbd27aff181b637f25576d8cb722844b7d4ac9266025?s=96&d=mm&r=g","url":"https:\/\/secure.gravatar.com\/avatar\/457b632d420b88231aa3bbd27aff181b637f25576d8cb722844b7d4ac9266025?s=96&d=mm&r=g","contentUrl":"https:\/\/secure.gravatar.com\/avatar\/457b632d420b88231aa3bbd27aff181b637f25576d8cb722844b7d4ac9266025?s=96&d=mm&r=g","caption":"BMT Casas de Ves"},"url":"https:\/\/bmtcasasdeves.com\/index.php\/author\/bmtcasasdeves\/"}]}},"views":1216,"jetpack_featured_media_url":"https:\/\/bmtcasasdeves.com\/wp-content\/uploads\/2016\/05\/13124563_10208631692762698_8469865582081356229_n.jpg","jetpack_sharing_enabled":true,"_links":{"self":[{"href":"https:\/\/bmtcasasdeves.com\/index.php\/wp-json\/wp\/v2\/posts\/1141","targetHints":{"allow":["GET"]}}],"collection":[{"href":"https:\/\/bmtcasasdeves.com\/index.php\/wp-json\/wp\/v2\/posts"}],"about":[{"href":"https:\/\/bmtcasasdeves.com\/index.php\/wp-json\/wp\/v2\/types\/post"}],"author":[{"embeddable":true,"href":"https:\/\/bmtcasasdeves.com\/index.php\/wp-json\/wp\/v2\/users\/3"}],"replies":[{"embeddable":true,"href":"https:\/\/bmtcasasdeves.com\/index.php\/wp-json\/wp\/v2\/comments?post=1141"}],"version-history":[{"count":0,"href":"https:\/\/bmtcasasdeves.com\/index.php\/wp-json\/wp\/v2\/posts\/1141\/revisions"}],"wp:featuredmedia":[{"embeddable":true,"href":"https:\/\/bmtcasasdeves.com\/index.php\/wp-json\/wp\/v2\/media\/1171"}],"wp:attachment":[{"href":"https:\/\/bmtcasasdeves.com\/index.php\/wp-json\/wp\/v2\/media?parent=1141"}],"wp:term":[{"taxonomy":"category","embeddable":true,"href":"https:\/\/bmtcasasdeves.com\/index.php\/wp-json\/wp\/v2\/categories?post=1141"},{"taxonomy":"post_tag","embeddable":true,"href":"https:\/\/bmtcasasdeves.com\/index.php\/wp-json\/wp\/v2\/tags?post=1141"}],"curies":[{"name":"wp","href":"https:\/\/api.w.org\/{rel}","templated":true}]}}